{"id":31757,"date":"2025-04-23T10:53:01","date_gmt":"2025-04-23T10:53:01","guid":{"rendered":"https:\/\/alquila-piso.es\/ambitos-de-trabajo\/"},"modified":"2025-04-23T10:53:01","modified_gmt":"2025-04-23T10:53:01","slug":"ambitos-de-trabajo","status":"publish","type":"post","link":"https:\/\/alquila-piso.es\/pt\/ambitos-de-trabajo\/","title":{"rendered":"\u00c1reas de trabalho"},"content":{"rendered":"<p> <br \/>\n<br \/>Obras Gerais Fachadas Efici\u00eancia Energ\u00e9tica Acessibilidade Instala\u00e7\u00f5es Humidade e Fugas Zonas Comuns Coberturas e Tectos Seguran\u00e7a Financiamentos e Subs\u00eddios Processo e Gest\u00e3o Problemas Espec\u00edficos Locais Valor Acrescentado<\/p>\n<p><a href=\"https:\/\/rehabilitaciones-tamarit.es\/ambitos-de-trabajo\/\" rel=\"nofollow\">Origem<\/a><\/p>\n<p><br \/>\n<br \/><a href=\"https:\/\/rehabilitaciones-tamarit.es\/ambitos-de-trabajo\/\">Liga\u00e7\u00e3o \u00e0 fonte <\/a><\/p>","protected":false},"excerpt":{"rendered":"<p>Obras Gerais Fachadas Efici\u00eancia Energ\u00e9tica Acessibilidade Instala\u00e7\u00f5es Humidade e Fugas Zonas Comuns Coberturas e Tectos Seguran\u00e7a Financiamentos e Subs\u00eddios Processo e Gest\u00e3o Problemas Espec\u00edficos Locais Valor Acrescentado Origem Fonte link<\/p>","protected":false},"author":1,"featured_media":31758,"comment_status":"open","ping_status":"open","sticky":false,"template":"","format":"standard","meta":{"footnotes":""},"categories":[150],"tags":[],"class_list":["post-31757","post","type-post","status-publish","format-standard","has-post-thumbnail","hentry","category-uncategorized"],"_links":{"self":[{"href":"https:\/\/alquila-piso.es\/pt\/wp-json\/wp\/v2\/posts\/31757","targetHints":{"allow":["GET"]}}],"collection":[{"href":"https:\/\/alquila-piso.es\/pt\/wp-json\/wp\/v2\/posts"}],"about":[{"href":"https:\/\/alquila-piso.es\/pt\/wp-json\/wp\/v2\/types\/post"}],"author":[{"embeddable":true,"href":"https:\/\/alquila-piso.es\/pt\/wp-json\/wp\/v2\/users\/1"}],"replies":[{"embeddable":true,"href":"https:\/\/alquila-piso.es\/pt\/wp-json\/wp\/v2\/comments?post=31757"}],"version-history":[{"count":0,"href":"https:\/\/alquila-piso.es\/pt\/wp-json\/wp\/v2\/posts\/31757\/revisions"}],"wp:featuredmedia":[{"embeddable":true,"href":"https:\/\/alquila-piso.es\/pt\/wp-json\/wp\/v2\/media\/31758"}],"wp:attachment":[{"href":"https:\/\/alquila-piso.es\/pt\/wp-json\/wp\/v2\/media?parent=31757"}],"wp:term":[{"taxonomy":"category","embeddable":true,"href":"https:\/\/alquila-piso.es\/pt\/wp-json\/wp\/v2\/categories?post=31757"},{"taxonomy":"post_tag","embeddable":true,"href":"https:\/\/alquila-piso.es\/pt\/wp-json\/wp\/v2\/tags?post=31757"}],"curies":[{"name":"wp","href":"https:\/\/api.w.org\/{rel}","templated":true}]}}