{"id":31754,"date":"2025-04-23T09:51:54","date_gmt":"2025-04-23T09:51:54","guid":{"rendered":"https:\/\/alquila-piso.es\/preguntas-frecuentes-de-servicios-de-reformas-y-rehabilitaciones\/"},"modified":"2025-04-23T09:51:54","modified_gmt":"2025-04-23T09:51:54","slug":"preguntas-frecuentes-de-servicios-de-reformas-y-rehabilitaciones","status":"publish","type":"post","link":"https:\/\/alquila-piso.es\/pt\/preguntas-frecuentes-de-servicios-de-reformas-y-rehabilitaciones\/","title":{"rendered":"Perguntas frequentes sobre os servi\u00e7os de renova\u00e7\u00e3o e reabilita\u00e7\u00e3o"},"content":{"rendered":"<p> <br \/>\n<\/p>\n<div data-ast-blocks-layout=\"true\">\n<h3 class=\"wp-block-heading\">Perguntas frequentes sobre a recupera\u00e7\u00e3o de edif\u00edcios e reformas em comunidades de propriet\u00e1rios: tudo o que precisa de saber<\/h3>\n<p>Se est\u00e1 a considerar uma <strong>renova\u00e7\u00e3o do seu edif\u00edcio<\/strong> ou efetuar <strong>reformas na sua comunidade de propriet\u00e1rios<\/strong>este artigo \u00e9 para si. Aqui encontrar\u00e1 respostas claras e detalhadas \u00e0s perguntas mais frequentes sobre os servi\u00e7os que podem ser oferecidos por um <strong>Empresa de Reformas e <a href=\"https:\/\/rehabilitaciones-tamarit.es\/rehabilitacion-de-edificios-y-viviendas-en-valencia\/\">Reabilita\u00e7\u00e3o de edif\u00edcios<\/a> e Habita\u00e7\u00e3o<\/strong>. Este conte\u00fado est\u00e1 optimizado para SEO, pelo que pode obter informa\u00e7\u00f5es \u00fateis e pr\u00e1ticas para tomar decis\u00f5es informadas.<\/p>\n<hr class=\"wp-block-separator has-alpha-channel-opacity\"\/>\n<h4 class=\"wp-block-heading\"><strong>O que \u00e9 a reabilita\u00e7\u00e3o de um edif\u00edcio?<\/strong><\/h4>\n<p>O <strong>reabilita\u00e7\u00e3o de um edif\u00edcio<\/strong> consiste em obras destinadas a melhorar, modernizar ou restaurar o estado estrutural, funcional ou est\u00e9tico de um im\u00f3vel. Estes trabalhos podem incluir a renova\u00e7\u00e3o de <a class=\"wpil_keyword_link\" href=\"https:\/\/rehabilitaciones-tamarit.es\/contacto\/\" title=\"fachadas\" data-wpil-keyword-link=\"linked\">fachadas<\/a> para melhorar a efici\u00eancia energ\u00e9tica, a acessibilidade ou as instala\u00e7\u00f5es internas.<\/p>\n<p>\u00c9 especialmente importante para os edif\u00edcios mais antigos que precisam de ser adaptados aos regulamentos actuais ou para as comunidades de propriet\u00e1rios que querem aumentar o valor das suas casas.<\/p>\n<hr class=\"wp-block-separator has-alpha-channel-opacity\"\/>\n<h4 class=\"wp-block-heading\"><strong>Que servi\u00e7os pode oferecer uma empresa de remodela\u00e7\u00e3o e reabilita\u00e7\u00e3o?<\/strong><\/h4>\n<p>A <strong>Empresa de reabilita\u00e7\u00e3o e renova\u00e7\u00e3o<\/strong> pode efetuar uma grande variedade de trabalhos em edif\u00edcios e associa\u00e7\u00f5es de propriet\u00e1rios. Os principais s\u00e3o enumerados a seguir:<\/p>\n<ol class=\"wp-block-list\">\n<li><strong><a href=\"https:\/\/rehabilitaciones-tamarit.es\/fachadas-bioacti\/\">Reabilita\u00e7\u00e3o da fachada<\/a><\/strong><\/li>\n<\/ol>\n<ul class=\"wp-block-list\">\n<li>Impermeabiliza\u00e7\u00e3o e revestimento de fachadas.<\/li>\n<li>Repara\u00e7\u00e3o de fissuras e fendas.<\/li>\n<li>Instala\u00e7\u00e3o de sistemas de isolamento t\u00e9rmico (SATE).<\/li>\n<\/ul>\n<ol class=\"wp-block-list\">\n<li><strong>Reformas nas \u00e1reas comuns<\/strong><\/li>\n<\/ol>\n<ul class=\"wp-block-list\">\n<li>Renova\u00e7\u00e3o de escadas, corredores e \u00e1trios.<\/li>\n<li>Substitui\u00e7\u00e3o de ascensores ou moderniza\u00e7\u00e3o dos ascensores existentes.<\/li>\n<li>Melhoria da ilumina\u00e7\u00e3o e da sinal\u00e9tica.<\/li>\n<\/ul>\n<ol class=\"wp-block-list\">\n<li><strong>Efici\u00eancia energ\u00e9tica<\/strong><\/li>\n<\/ol>\n<ul class=\"wp-block-list\">\n<li>Instala\u00e7\u00e3o de pain\u00e9is solares nas comunidades.<\/li>\n<li>Substitui\u00e7\u00e3o de janelas e portas comuns por modelos mais eficientes.<\/li>\n<li>Auditorias e certifica\u00e7\u00f5es energ\u00e9ticas.<\/li>\n<\/ul>\n<ol class=\"wp-block-list\">\n<li><strong>Instala\u00e7\u00f5es t\u00e9cnicas<\/strong><\/li>\n<\/ol>\n<ul class=\"wp-block-list\">\n<li>Reforma das instala\u00e7\u00f5es el\u00e9ctricas, de canaliza\u00e7\u00e3o e de ar condicionado.<\/li>\n<li>Substitui\u00e7\u00e3o das caldeiras comunit\u00e1rias.<\/li>\n<li>Adapta\u00e7\u00e3o \u00e0s normas de acessibilidade.<\/li>\n<\/ul>\n<ol class=\"wp-block-list\">\n<li><strong>Telhados e tectos<\/strong><\/li>\n<\/ol>\n<ol class=\"wp-block-list\">\n<li><strong>Acessibilidade<\/strong><\/li>\n<\/ol>\n<ul class=\"wp-block-list\">\n<li>Instala\u00e7\u00e3o de rampas e elevadores adaptados.<\/li>\n<li>Elimina\u00e7\u00e3o das barreiras arquitect\u00f3nicas.<\/li>\n<li>Adapta\u00e7\u00e3o dos espa\u00e7os para pessoas com mobilidade reduzida.<\/li>\n<\/ul>\n<ol class=\"wp-block-list\">\n<li><strong>Pintura e decora\u00e7\u00e3o<\/strong><\/li>\n<\/ol>\n<ul class=\"wp-block-list\">\n<li>Pintura exterior e interior.<\/li>\n<li>Restauro de elementos decorativos.<\/li>\n<li>Limpeza e manuten\u00e7\u00e3o das superf\u00edcies.<\/li>\n<\/ul>\n<ol class=\"wp-block-list\">\n<li><strong>Trabalhos estruturais<\/strong><\/li>\n<\/ol>\n<ul class=\"wp-block-list\">\n<li>Refor\u00e7o de funda\u00e7\u00f5es e estruturas.<\/li>\n<li>Consolida\u00e7\u00e3o de muros e pilares.<\/li>\n<li>Repara\u00e7\u00e3o de patologias estruturais.<\/li>\n<\/ul>\n<hr class=\"wp-block-separator has-alpha-channel-opacity\"\/>\n<h4 class=\"wp-block-heading\"><strong>Quando \u00e9 que \u00e9 necess\u00e1rio reabilitar um edif\u00edcio?<\/strong><\/h4>\n<p>A reabilita\u00e7\u00e3o de um edif\u00edcio \u00e9 necess\u00e1ria nos seguintes casos:<\/p>\n<ul class=\"wp-block-list\">\n<li><strong>Deteriora\u00e7\u00e3o estrutural<\/strong>Fissuras, humidade ou problemas nos alicerces.<\/li>\n<li><strong>Regulamentos legais<\/strong>Conformidade com as novas regulamenta\u00e7\u00f5es (acessibilidade, efici\u00eancia energ\u00e9tica, etc.).<\/li>\n<li><strong>Aumento do valor<\/strong>Aumentar o valor de mercado do im\u00f3vel.<\/li>\n<li><strong>Poupan\u00e7a de energia<\/strong>Reduzir o consumo de energia e as facturas comunit\u00e1rias.<\/li>\n<li><strong>Seguran\u00e7a<\/strong>Corrija as defici\u00eancias que possam p\u00f4r em risco os ocupantes.<\/li>\n<\/ul>\n<hr class=\"wp-block-separator has-alpha-channel-opacity\"\/>\n<h4 class=\"wp-block-heading\"><strong>Quais s\u00e3o as vantagens de renovar um edif\u00edcio?<\/strong><\/h4>\n<p>A renova\u00e7\u00e3o de um edif\u00edcio oferece-lhe muitas vantagens:<\/p>\n<ol class=\"wp-block-list\">\n<li><strong>Aumento do valor<\/strong>Aumenta o pre\u00e7o de venda ou <a class=\"wpil_keyword_link\" href=\"https:\/\/alquila-piso.es\/pt\/property-submit-front\/\"   title=\"aluguer\" data-wpil-keyword-link=\"linked\">aluguer<\/a> de habita\u00e7\u00f5es.<\/li>\n<li><strong>Poupan\u00e7a de energia<\/strong>Reduz o consumo de energia e as emiss\u00f5es de CO2.<\/li>\n<li><strong>Conformidade regulamentar<\/strong>Evita san\u00e7\u00f5es e garante a seguran\u00e7a jur\u00eddica.<\/li>\n<li><strong>Maior conforto<\/strong>Melhora a qualidade de vida dos residentes.<\/li>\n<li><strong>Durabilidade<\/strong>Prolonga a vida \u00fatil do edif\u00edcio.<\/li>\n<\/ol>\n<hr class=\"wp-block-separator has-alpha-channel-opacity\"\/>\n<h4 class=\"wp-block-heading\"><strong>Como escolher a melhor empresa de remodela\u00e7\u00e3o e reabilita\u00e7\u00e3o?<\/strong><\/h4>\n<p>Ao selecionar uma empresa para renovar o seu edif\u00edcio ou realizar obras na sua comunidade, considere estes factores:<\/p>\n<ol class=\"wp-block-list\">\n<li><strong>Experi\u00eancia e conhecimentos especializados<\/strong>Procure uma empresa com experi\u00eancia em projectos semelhantes.<\/li>\n<li><strong>Certifica\u00e7\u00f5es e licen\u00e7as<\/strong>Verifique se tem as autoriza\u00e7\u00f5es necess\u00e1rias.<\/li>\n<li><strong>Or\u00e7amento pormenorizado<\/strong>Pe\u00e7a v\u00e1rios or\u00e7amentos e compare os pre\u00e7os.<\/li>\n<li><strong>Garantias<\/strong>Certifique-se de que oferecem garantias para o trabalho efectuado.<\/li>\n<li><strong>Refer\u00eancias e pareceres<\/strong>Verifique as opini\u00f5es de clientes anteriores e reveja o seu portef\u00f3lio.<\/li>\n<\/ol>\n<hr class=\"wp-block-separator has-alpha-channel-opacity\"\/>\n<h4 class=\"wp-block-heading\"><strong>Que licen\u00e7as s\u00e3o necess\u00e1rias para renovar um edif\u00edcio?<\/strong><\/h4>\n<p>As licen\u00e7as necess\u00e1rias variam consoante o tipo de trabalho e a localidade, mas geralmente incluem<\/p>\n<ul class=\"wp-block-list\">\n<li><strong>Licen\u00e7a de constru\u00e7\u00e3o<\/strong>Emitido pelo munic\u00edpio em causa.<\/li>\n<li><strong>Certificado de Efici\u00eancia Energ\u00e9tica<\/strong>Se forem efectuadas melhorias relacionadas com a energia.<\/li>\n<li><strong>Relat\u00f3rio de avalia\u00e7\u00e3o do edif\u00edcio (EIR)<\/strong>Em alguns casos, \u00e9 obrigat\u00f3rio antes da realiza\u00e7\u00e3o de grandes obras.<\/li>\n<li><strong>Licen\u00e7a de acessibilidade<\/strong>Para adapta\u00e7\u00f5es relacionadas com a mobilidade.<\/li>\n<\/ul>\n<p>\u00c9 aconselh\u00e1vel que seja a empresa contratada a tratar destas formalidades para evitar problemas legais.<\/p>\n<hr class=\"wp-block-separator has-alpha-channel-opacity\"\/>\n<h4 class=\"wp-block-heading\"><strong>Quanto custa a renova\u00e7\u00e3o de um edif\u00edcio?<\/strong><\/h4>\n<p>O custo da reabilita\u00e7\u00e3o depende de v\u00e1rios factores:<\/p>\n<ul class=\"wp-block-list\">\n<li>A dimens\u00e3o e o estado do edif\u00edcio.<\/li>\n<li>O tipo de trabalho a efetuar.<\/li>\n<li>Os materiais utilizados.<\/li>\n<li>Localiza\u00e7\u00e3o geogr\u00e1fica.<\/li>\n<\/ul>\n<p>De um modo geral, os pre\u00e7os podem variar entre <strong>50 euros e 300 euros por metro quadrado<\/strong>em fun\u00e7\u00e3o da complexidade do projeto. Por exemplo:<\/p>\n<ul class=\"wp-block-list\">\n<li><strong>Fachadas<\/strong>: Entre 30 e 100 euros\/m\u00b2.<\/li>\n<li><strong>Efici\u00eancia energ\u00e9tica<\/strong>: Entre 100 e 200 euros\/m\u00b2.<\/li>\n<li><strong>Instala\u00e7\u00f5es t\u00e9cnicas<\/strong>: Entre 50 e 150 euros\/m\u00b2.<\/li>\n<\/ul>\n<p>\u00c9 essencial que solicite um or\u00e7amento personalizado antes de iniciar qualquer trabalho.<\/p>\n<hr class=\"wp-block-separator has-alpha-channel-opacity\"\/>\n<h4 class=\"wp-block-heading\"><strong>Quem paga as obras numa comunidade de propriet\u00e1rios?<\/strong><\/h4>\n<p>Numa comunidade de propriet\u00e1rios, os custos das obras s\u00e3o normalmente distribu\u00eddos entre os propriet\u00e1rios de acordo com os crit\u00e9rios estabelecidos na Lei da Propriedade Horizontal (LPH). Em geral:<\/p>\n<ul class=\"wp-block-list\">\n<li><strong>Obras ordin\u00e1rias<\/strong>O seu dinheiro \u00e9 pago com fundos comunit\u00e1rios.<\/li>\n<li><strong>Obras Extraordin\u00e1rias<\/strong>S\u00e3o distribu\u00eddos entre os propriet\u00e1rios de acordo com o seu coeficiente de participa\u00e7\u00e3o.<\/li>\n<li><strong>Subs\u00eddios<\/strong>Algumas obras podem ser subsidiadas por organismos p\u00fablicos, reduzindo o custo final.<\/li>\n<\/ul>\n<p>\u00c9 importante consultar um administrador de bens ou um advogado especializado para garantir uma distribui\u00e7\u00e3o justa.<\/p>\n<hr class=\"wp-block-separator has-alpha-channel-opacity\"\/>\n<h4 class=\"wp-block-heading\"><strong>Que subs\u00eddios est\u00e3o dispon\u00edveis para a renova\u00e7\u00e3o de edif\u00edcios?<\/strong><\/h4>\n<p>Existem numerosas subven\u00e7\u00f5es e subs\u00eddios dispon\u00edveis para financiar a renova\u00e7\u00e3o de edif\u00edcios, especialmente quando se trata de melhorar a efici\u00eancia energ\u00e9tica ou a acessibilidade. Alguns dos mais comuns s\u00e3o:<\/p>\n<ol class=\"wp-block-list\">\n<li><strong>Plano de Reabilita\u00e7\u00e3o de Habita\u00e7\u00e3o<\/strong>Financiado pelo governo central.<\/li>\n<li><strong>Aux\u00edlios regionais<\/strong>Programas espec\u00edficos em cada Comunidade Aut\u00f3noma.<\/li>\n<li><strong>Fundos europeus<\/strong>Como o programa Next Generation EU.<\/li>\n<li><strong>Cr\u00e9ditos fiscais<\/strong>Dedu\u00e7\u00f5es do imposto sobre o rendimento das pessoas singulares para obras de remodela\u00e7\u00e3o.<\/li>\n<\/ol>\n<p>Informe-se junto da sua empresa de renova\u00e7\u00e3o ou do seu munic\u00edpio para obter informa\u00e7\u00f5es pormenorizadas sobre os subs\u00eddios dispon\u00edveis.<\/p>\n<hr class=\"wp-block-separator has-alpha-channel-opacity\"\/>\n<h4 class=\"wp-block-heading\">Reabilita\u00e7\u00e3o Tamarit <\/h4>\n<p>O <strong>renova\u00e7\u00e3o de edif\u00edcios<\/strong> e o <strong>reformas nas associa\u00e7\u00f5es de propriet\u00e1rios de im\u00f3veis<\/strong> s\u00e3o investimentos fundamentais para melhorar a qualidade de vida, cumprir as normas legais e valorizar o seu im\u00f3vel. Contrate um <strong>Empresa de reabilita\u00e7\u00e3o e renova\u00e7\u00e3o<\/strong> profissional garante-lhe resultados de qualidade e um processo sem problemas.<\/p>\n<p>Se est\u00e1 a pensar em realizar alguma destas obras, n\u00e3o hesite em contactar especialistas que o possam aconselhar e orientar em todas as etapas do processo.<\/p>\n<hr class=\"wp-block-separator has-alpha-channel-opacity\"\/>\n<hr class=\"wp-block-separator has-alpha-channel-opacity\"\/>\n<p><strong>Palavras-chave SEO<\/strong>Reabilita\u00e7\u00e3o de Edif\u00edcios, Reformas em Comunidades de Propriet\u00e1rios, Efici\u00eancia Energ\u00e9tica, Subs\u00eddios \u00e0 Reabilita\u00e7\u00e3o, Empresas de Reabilita\u00e7\u00e3o, Acessibilidade em Edif\u00edcios, Fachadas Ventiladas, Certificado Energ\u00e9tico, Plano de Reabilita\u00e7\u00e3o.<\/p>\n<p><!-- FeedbackWP Plugin --><\/p><\/div>\n<p><br \/>\n<br \/><a href=\"https:\/\/rehabilitaciones-tamarit.es\/preguntas-frecuentes-de-servicios-de-reformas-y-rehabilitaciones\/\">Liga\u00e7\u00e3o \u00e0 fonte <\/a><\/p>","protected":false},"excerpt":{"rendered":"<p>Preguntas Frecuentes sobre la Rehabilitaci\u00f3n de Edificios y Reformas en Comunidades de Propietarios: Todo lo que Necesitas Saber Si est\u00e1s considerando realizar una rehabilitaci\u00f3n de tu edificio o llevar a cabo reformas en tu comunidad de propietarios, este art\u00edculo es para ti. Aqu\u00ed encontrar\u00e1s respuestas claras y detalladas a las preguntas m\u00e1s frecuentes sobre los [&hellip;]<\/p>\n","protected":false},"author":1,"featured_media":31756,"comment_status":"open","ping_status":"open","sticky":false,"template":"","format":"standard","meta":{"footnotes":""},"categories":[150],"tags":[],"class_list":["post-31754","post","type-post","status-publish","format-standard","has-post-thumbnail","hentry","category-uncategorized"],"_links":{"self":[{"href":"https:\/\/alquila-piso.es\/pt\/wp-json\/wp\/v2\/posts\/31754","targetHints":{"allow":["GET"]}}],"collection":[{"href":"https:\/\/alquila-piso.es\/pt\/wp-json\/wp\/v2\/posts"}],"about":[{"href":"https:\/\/alquila-piso.es\/pt\/wp-json\/wp\/v2\/types\/post"}],"author":[{"embeddable":true,"href":"https:\/\/alquila-piso.es\/pt\/wp-json\/wp\/v2\/users\/1"}],"replies":[{"embeddable":true,"href":"https:\/\/alquila-piso.es\/pt\/wp-json\/wp\/v2\/comments?post=31754"}],"version-history":[{"count":1,"href":"https:\/\/alquila-piso.es\/pt\/wp-json\/wp\/v2\/posts\/31754\/revisions"}],"predecessor-version":[{"id":31755,"href":"https:\/\/alquila-piso.es\/pt\/wp-json\/wp\/v2\/posts\/31754\/revisions\/31755"}],"wp:featuredmedia":[{"embeddable":true,"href":"https:\/\/alquila-piso.es\/pt\/wp-json\/wp\/v2\/media\/31756"}],"wp:attachment":[{"href":"https:\/\/alquila-piso.es\/pt\/wp-json\/wp\/v2\/media?parent=31754"}],"wp:term":[{"taxonomy":"category","embeddable":true,"href":"https:\/\/alquila-piso.es\/pt\/wp-json\/wp\/v2\/categories?post=31754"},{"taxonomy":"post_tag","embeddable":true,"href":"https:\/\/alquila-piso.es\/pt\/wp-json\/wp\/v2\/tags?post=31754"}],"curies":[{"name":"wp","href":"https:\/\/api.w.org\/{rel}","templated":true}]}}