{"id":31509,"date":"2024-12-04T14:49:38","date_gmt":"2024-12-04T14:49:38","guid":{"rendered":"https:\/\/alquila-piso.es\/rehabilitacion-de-edificios-y-la-calidad-de-vida-de-los-residentes-y-la-comunidad-en-general\/"},"modified":"2024-12-04T14:49:38","modified_gmt":"2024-12-04T14:49:38","slug":"rehabilitacion-de-edificios-y-la-calidad-de-vida-de-los-residentes-y-la-comunidad-en-general","status":"publish","type":"post","link":"https:\/\/alquila-piso.es\/pt\/rehabilitacion-de-edificios-y-la-calidad-de-vida-de-los-residentes-y-la-comunidad-en-general\/","title":{"rendered":"Rehabilitaci\u00f3n de edificios y la calidad de vida de los residentes y la comunidad en general."},"content":{"rendered":"<p> <br \/>\n<\/p>\n<div data-ast-blocks-layout=\"true\">\n<p>O <a href=\"https:\/\/rehabilitaciones-tamarit.es\/rehabilitacion-de-edificios-y-viviendas-en-valencia\/\">renova\u00e7\u00e3o de edif\u00edcios<\/a> tiene una influencia significativa en la calidad de vida de los residentes y en la comunidad en general. Aqu\u00ed se examinan diversos aspectos que destacan c\u00f3mo la rehabilitaci\u00f3n puede mejorar la vida de quienes habitan en los edificios y contribuir al bienestar de la comunidad:<\/p>\n<ol class=\"wp-block-list\">\n<li><strong>Condiciones de Vivienda Mejoradas:<\/strong><\/li>\n<li><strong>Eficiencia Energ\u00e9tica y Reducci\u00f3n de Costos:<\/strong>\n<ul class=\"wp-block-list\">\n<li>La incorporaci\u00f3n de mejoras energ\u00e9ticas durante la rehabilitaci\u00f3n no solo reduce los costos de energ\u00eda para los residentes, sino que tambi\u00e9n contribuye a la sostenibilidad ambiental.<\/li>\n<\/ul>\n<\/li>\n<li><strong>Mejora de la Calidad del Aire Interior:<\/strong>\n<ul class=\"wp-block-list\">\n<li>La rehabilitaci\u00f3n puede incluir la actualizaci\u00f3n de sistemas de ventilaci\u00f3n y la eliminaci\u00f3n de materiales t\u00f3xicos, mejorando as\u00ed la calidad del aire interior y beneficiando la salud de los residentes.<\/li>\n<\/ul>\n<\/li>\n<li><strong>Accesibilidad Universal:<\/strong><\/li>\n<li><strong>Revitalizaci\u00f3n de Espacios Comunitarios:<\/strong>\n<ul class=\"wp-block-list\">\n<li>La rehabilitaci\u00f3n puede incluir la creaci\u00f3n o mejora de espacios comunitarios, como parques, \u00e1reas de juegos o salas comunes, fomentando la interacci\u00f3n social y la cohesi\u00f3n comunitaria.<\/li>\n<\/ul>\n<\/li>\n<li><strong>Reducci\u00f3n de Ruido y Estr\u00e9s:<\/strong>\n<ul class=\"wp-block-list\">\n<li>Las mejoras en el aislamiento ac\u00fastico durante la rehabilitaci\u00f3n contribuyen a reducir el ruido interior y exterior, mejorando as\u00ed la calidad del sue\u00f1o y reduciendo el estr\u00e9s de los residentes.<\/li>\n<\/ul>\n<\/li>\n<li><strong>Est\u00edmulo de la Vida Social:<\/strong>\n<ul class=\"wp-block-list\">\n<li>La rehabilitaci\u00f3n que incorpora dise\u00f1os m\u00e1s abiertos y amigables fomenta la interacci\u00f3n entre vecinos, promoviendo una vida social activa y la construcci\u00f3n de relaciones comunitarias.<\/li>\n<\/ul>\n<\/li>\n<li><strong>Aumento de la Seguridad Residencial:<\/strong>\n<ul class=\"wp-block-list\">\n<li>La rehabilitaci\u00f3n puede incluir medidas de seguridad, como la instalaci\u00f3n de sistemas de vigilancia o la mejora de iluminaci\u00f3n, contribuyendo a un entorno residencial m\u00e1s seguro.<\/li>\n<\/ul>\n<\/li>\n<li><strong>Est\u00e9tica Mejorada y Orgullo Comunitario:<\/strong>\n<ul class=\"wp-block-list\">\n<li>La mejora est\u00e9tica de los edificios y su entorno eleva el orgullo comunitario y mejora la percepci\u00f3n que los residentes tienen de su hogar, contribuyendo al bienestar emocional.<\/li>\n<\/ul>\n<\/li>\n<li><strong>Apoyo a la Diversidad Cultural:<\/strong>\n<ul class=\"wp-block-list\">\n<li>La rehabilitaci\u00f3n puede considerar las necesidades y preferencias culturales de los residentes, creando espacios inclusivos que celebran la diversidad y promueven un sentido de pertenencia.<\/li>\n<\/ul>\n<\/li>\n<li><strong>Vivienda Asequible y Sostenible:<\/strong>\n<ul class=\"wp-block-list\">\n<li>La rehabilitaci\u00f3n que incorpora pr\u00e1cticas sostenibles y opciones de vivienda asequible aborda desaf\u00edos econ\u00f3micos y ambientales, beneficiando a los residentes y a la comunidad en general.<\/li>\n<\/ul>\n<\/li>\n<li><strong>Contribuci\u00f3n a la Identidad Local:<\/strong><\/li>\n<li><strong>Estimulaci\u00f3n Econ\u00f3mica Local:<\/strong>\n<ul class=\"wp-block-list\">\n<li>La rehabilitaci\u00f3n puede generar empleo local durante el proceso de construcci\u00f3n y revitalizar \u00e1reas urbanas, estimulando la econom\u00eda local y mejorando las oportunidades econ\u00f3micas para los residentes.<\/li>\n<\/ul>\n<\/li>\n<li><strong>Aumento del Valor de la Propiedad:<\/strong>\n<ul class=\"wp-block-list\">\n<li>La rehabilitaci\u00f3n exitosa puede aumentar el valor de las propiedades, beneficiando a los propietarios y mejorando la estabilidad financiera de la comunidad en general.<\/li>\n<\/ul>\n<\/li>\n<li><strong>Desarrollo Sostenible y Resiliencia:<\/strong>\n<ul class=\"wp-block-list\">\n<li>La rehabilitaci\u00f3n sostenible contribuye al desarrollo a largo plazo y a la resiliencia de las <a class=\"wpil_keyword_link\" href=\"https:\/\/rehabilitaciones-tamarit.es\/contacto\/\" title=\"comunidades\" data-wpil-keyword-link=\"linked\">comunidades<\/a> urbanas, garantizando que los edificios sean funcionales y beneficiosos para las generaciones futuras.<\/li>\n<\/ul>\n<\/li>\n<\/ol>\n<p><!-- FeedbackWP Plugin --><\/p><\/div>\n<p><br \/>\n<br \/><a href=\"https:\/\/rehabilitaciones-tamarit.es\/rehabilitacion-de-edificios-y-la-calidad-de-vida-de-los-residentes-y-la-comunidad-en-general\/\">Liga\u00e7\u00e3o \u00e0 fonte <\/a><\/p>","protected":false},"excerpt":{"rendered":"<p>La rehabilitaci\u00f3n de edificios tiene una influencia significativa en la calidad de vida de los residentes y en la comunidad en general. Aqu\u00ed se examinan diversos aspectos que destacan c\u00f3mo la rehabilitaci\u00f3n puede mejorar la vida de quienes habitan en los edificios y contribuir al bienestar de la comunidad: Condiciones de Vivienda Mejoradas: Eficiencia Energ\u00e9tica [&hellip;]<\/p>\n","protected":false},"author":1,"featured_media":31510,"comment_status":"open","ping_status":"open","sticky":false,"template":"","format":"standard","meta":{"footnotes":""},"categories":[150],"tags":[],"class_list":["post-31509","post","type-post","status-publish","format-standard","has-post-thumbnail","hentry","category-uncategorized"],"_links":{"self":[{"href":"https:\/\/alquila-piso.es\/pt\/wp-json\/wp\/v2\/posts\/31509","targetHints":{"allow":["GET"]}}],"collection":[{"href":"https:\/\/alquila-piso.es\/pt\/wp-json\/wp\/v2\/posts"}],"about":[{"href":"https:\/\/alquila-piso.es\/pt\/wp-json\/wp\/v2\/types\/post"}],"author":[{"embeddable":true,"href":"https:\/\/alquila-piso.es\/pt\/wp-json\/wp\/v2\/users\/1"}],"replies":[{"embeddable":true,"href":"https:\/\/alquila-piso.es\/pt\/wp-json\/wp\/v2\/comments?post=31509"}],"version-history":[{"count":0,"href":"https:\/\/alquila-piso.es\/pt\/wp-json\/wp\/v2\/posts\/31509\/revisions"}],"wp:featuredmedia":[{"embeddable":true,"href":"https:\/\/alquila-piso.es\/pt\/wp-json\/wp\/v2\/media\/31510"}],"wp:attachment":[{"href":"https:\/\/alquila-piso.es\/pt\/wp-json\/wp\/v2\/media?parent=31509"}],"wp:term":[{"taxonomy":"category","embeddable":true,"href":"https:\/\/alquila-piso.es\/pt\/wp-json\/wp\/v2\/categories?post=31509"},{"taxonomy":"post_tag","embeddable":true,"href":"https:\/\/alquila-piso.es\/pt\/wp-json\/wp\/v2\/tags?post=31509"}],"curies":[{"name":"wp","href":"https:\/\/api.w.org\/{rel}","templated":true}]}}