{"id":31278,"date":"2024-12-01T10:18:02","date_gmt":"2024-12-01T10:18:02","guid":{"rendered":"https:\/\/alquila-piso.es\/es_es\/apoyo-a-nuestros-vecinos-de-la-comunidad-valenciana\/"},"modified":"2024-12-01T10:18:02","modified_gmt":"2024-12-01T10:18:02","slug":"apoyo-a-nuestros-vecinos-de-la-comunidad-valenciana","status":"publish","type":"post","link":"https:\/\/alquila-piso.es\/nl_nl_formal\/apoyo-a-nuestros-vecinos-de-la-comunidad-valenciana\/","title":{"rendered":"Apoyo a nuestros vecinos de la comunidad valenciana"},"content":{"rendered":"<p> <br \/>\n<\/p>\n<div data-ast-blocks-layout=\"true\">\n<p>En momentos dif\u00edciles, como los que ha vivido la Comunidad Valenciana tras los recientes episodios de <strong>DANA<\/strong> (Depresi\u00f3n Aislada en Niveles Altos), la solidaridad y el apoyo comunitario se vuelven fundamentales. <strong>Tamarit Revalidaties<\/strong> se une a las iniciativas de ayuda ofreciendo servicios de <strong>rehabilitaci\u00f3n, restauraci\u00f3n e impermeabilizaci\u00f3n de viviendas y edificios<\/strong> a precios de coste. Nuestro objetivo es brindar apoyo a todas las familias y comunidades afectadas, contribuyendo a la recuperaci\u00f3n de sus hogares y negocios de manera accesible y efectiva.<\/p>\n<div class=\"wp-block-uagb-image uagb-block-9efea068 wp-block-uagb-image--layout-default wp-block-uagb-image--effect-static wp-block-uagb-image--align-none\">\n<figure class=\"wp-block-uagb-image__figure\"><img loading=\"lazy\" decoding=\"async\" srcset=\"https:\/\/rehabilitaciones-tamarit.es\/wp-content\/uploads\/2024\/11\/IMG-20241101-WA0035-1024x768.jpg ,https:\/\/rehabilitaciones-tamarit.es\/wp-content\/uploads\/2024\/11\/IMG-20241101-WA0035.jpg 780w, https:\/\/rehabilitaciones-tamarit.es\/wp-content\/uploads\/2024\/11\/IMG-20241101-WA0035.jpg 360w\" sizes=\"auto, (max-width: 480px) 150px\" src=\"https:\/\/rehabilitaciones-tamarit.es\/wp-content\/uploads\/2024\/11\/IMG-20241101-WA0035-1024x768.jpg\" alt=\"\" class=\"uag-image-5490\" width=\"1600\" height=\"1200\" title=\"IMG-20241101-WA0035\" role=\"img\"\/><\/figure>\n<\/div>\n<h2 class=\"wp-block-heading\">Comprometidos con la Comunidad Valenciana<\/h2>\n<p>La DANA ha causado da\u00f1os significativos en infraestructuras, viviendas y <a href=\"https:\/\/rehabilitaciones-tamarit.es\/renovacion-de-locales-comerciales\/\">locales comerciales<\/a>, afectando a cientos de familias y negocios en nuestra comunidad. Sabemos que la recuperaci\u00f3n no solo implica una reparaci\u00f3n material, sino tambi\u00e9n un apoyo emocional y econ\u00f3mico. En <a href=\"https:\/\/rehabilitaciones-tamarit.es\/financiacion-de-obras-de-rehabilitacion-con-rehabilitaciones-tamarit\/\">Tamarit Revalidaties<\/a>, somos conscientes de la urgencia y la importancia de actuar r\u00e1pidamente para restablecer la seguridad y el bienestar de nuestros ciudadanos.<\/p>\n<div class=\"wp-block-uagb-image uagb-block-a01d5eb0 wp-block-uagb-image--layout-default wp-block-uagb-image--effect-static wp-block-uagb-image--align-none\">\n<figure class=\"wp-block-uagb-image__figure\"><img loading=\"lazy\" decoding=\"async\" srcset=\"https:\/\/rehabilitaciones-tamarit.es\/wp-content\/uploads\/2024\/11\/IMG-20241031-WA0043-1024x768.jpg ,https:\/\/rehabilitaciones-tamarit.es\/wp-content\/uploads\/2024\/11\/IMG-20241031-WA0043.jpg 780w, https:\/\/rehabilitaciones-tamarit.es\/wp-content\/uploads\/2024\/11\/IMG-20241031-WA0043.jpg 360w\" sizes=\"auto, (max-width: 480px) 150px\" src=\"https:\/\/rehabilitaciones-tamarit.es\/wp-content\/uploads\/2024\/11\/IMG-20241031-WA0043-1024x768.jpg\" alt=\"\" class=\"uag-image-5492\" width=\"2000\" height=\"1500\" title=\"IMG-20241031-WA0043\" role=\"img\"\/><\/figure>\n<\/div>\n<p>Por ello, hemos decidido <a href=\"https:\/\/rehabilitaciones-tamarit.es\/verticalmente-competentes-ofreciendo-soluciones-en-trabajos-verticales-y-rehabilitacion\/\">ofrecer nuestras soluciones<\/a><strong> a precios de coste<\/strong> para aquellos que han sufrido da\u00f1os por la DANA. Esta medida busca aliviar la carga econ\u00f3mica de las <a class=\"wpil_keyword_link\" href=\"https:\/\/rehabilitaciones-tamarit.es\/contacto\/\" title=\"reparaciones\" data-wpil-keyword-link=\"linked\">reparaciones<\/a> y garantizar que todos los afectados puedan acceder a servicios profesionales de alta calidad en un momento tan complejo.<\/p>\n<div class=\"wp-block-uagb-image uagb-block-a3a5d56e wp-block-uagb-image--layout-default wp-block-uagb-image--effect-static wp-block-uagb-image--align-none\">\n<figure class=\"wp-block-uagb-image__figure\"><img loading=\"lazy\" decoding=\"async\" srcset=\"https:\/\/rehabilitaciones-tamarit.es\/wp-content\/uploads\/2024\/11\/IMG-20241031-WA0049-768x1024.jpg ,https:\/\/rehabilitaciones-tamarit.es\/wp-content\/uploads\/2024\/11\/IMG-20241031-WA0049.jpg 780w, https:\/\/rehabilitaciones-tamarit.es\/wp-content\/uploads\/2024\/11\/IMG-20241031-WA0049.jpg 360w\" sizes=\"auto, (max-width: 480px) 150px\" src=\"https:\/\/rehabilitaciones-tamarit.es\/wp-content\/uploads\/2024\/11\/IMG-20241031-WA0049-768x1024.jpg\" alt=\"\" class=\"uag-image-5493\" width=\"1200\" height=\"1600\" title=\"IMG-20241031-WA0049\" role=\"img\"\/><\/figure>\n<\/div>\n<h2 class=\"wp-block-heading\">Servicios Ofrecidos a Precios de Coste para Afectados por la DANA<\/h2>\n<p><strong><a href=\"https:\/\/rehabilitaciones-tamarit.es\/rehabilitaciones-tamarit-tu-empresa-de-confianza-para-la-rehabilitacion-de-edificios-y-viviendas\/\">Tamarit Revalidaties<\/a><\/strong> pone a disposici\u00f3n de los afectados un equipo de expertos en restauraci\u00f3n de viviendas y edificios, con una amplia gama de servicios de reparaci\u00f3n:<\/p>\n<h3 class=\"wp-block-heading\">1. <strong>Impermeabilizaci\u00f3n de Viviendas y Edificios<\/strong><\/h3>\n<p>Uno de los problemas m\u00e1s graves causados por la DANA es la filtraci\u00f3n de agua, que puede da\u00f1ar tanto la estructura de los edificios como el contenido de las viviendas. Para combatir estos efectos, ofrecemos:<\/p>\n<h3 class=\"wp-block-heading\">2. <strong>Rehabilitaci\u00f3n y Restauraci\u00f3n de Interiores y Exteriores<\/strong><\/h3>\n<p>De <a href=\"https:\/\/rehabilitaciones-tamarit.es\/renovando-espacios-rehabilitacion-de-edificios\/\">rehabilitaci\u00f3n y restauraci\u00f3n de espacios<\/a> da\u00f1ados es fundamental para que las viviendas y locales comerciales vuelvan a estar habitables y seguros. Nuestros servicios de rehabilitaci\u00f3n incluyen:<\/p>\n<ul class=\"wp-block-list\">\n<li><strong>Reparaci\u00f3n de techos y paredes<\/strong>: Tratamos los da\u00f1os en interiores y exteriores, incluyendo restauraci\u00f3n de revestimientos y pintura.<\/li>\n<li><strong><a href=\"https:\/\/rehabilitaciones-tamarit.es\/tecnicas-de-refuerzo-estructural-en-la-rehabilitacion-de-edificios-sismicamente-vulnerables\/\">Refuerzo estructural<\/a><\/strong>: En casos de da\u00f1os graves, realizamos refuerzos y estabilizaci\u00f3n de estructuras, garantizando la seguridad de los espacios.<\/li>\n<li><strong>Tratamiento de moho y humedades<\/strong>: Aplicamos soluciones antimicrobianas para eliminar moho y hongos causados por la humedad, asegurando un <a href=\"https:\/\/rehabilitaciones-tamarit.es\/elimina-la-humedad-impermeabilizacion-de-terrazas-y-techos-para-un-ambiente-saludable\/\">ambiente saludable<\/a>.<\/li>\n<\/ul>\n<h3 class=\"wp-block-heading\">3. <strong>Evaluaci\u00f3n de Da\u00f1os y Asesoramiento T\u00e9cnico<\/strong><\/h3>\n<p>Antes de comenzar cualquier trabajo, nuestros expertos realizar\u00e1n una evaluaci\u00f3n exhaustiva de los da\u00f1os en cada vivienda o local comercial. Esta valoraci\u00f3n nos permite:<\/p>\n<ul class=\"wp-block-list\">\n<li>Determinar las necesidades espec\u00edficas de cada inmueble.<\/li>\n<li>Ofrecer una soluci\u00f3n adaptada a cada caso.<\/li>\n<li>Asegurar que los trabajos sean realizados con la m\u00e1xima calidad y precisi\u00f3n.<\/li>\n<\/ul>\n<p>Adem\u00e1s, brindamos <strong>asesoramiento t\u00e9cnico gratuito<\/strong> para orientar a los afectados sobre las mejores opciones de reparaci\u00f3n y restauraci\u00f3n, siempre buscando maximizar la durabilidad y eficiencia de cada intervenci\u00f3n.<\/p>\n<h2 class=\"wp-block-heading\">\u00bfPor Qu\u00e9 Elegir Rehabilitaciones Tamarit en Este Momento?<\/h2>\n<p><strong><a href=\"https:\/\/rehabilitaciones-tamarit.es\/sellando-juntas-y-grietas-con-rehabilitaciones-tamarit\/\">Tamarit Revalidaties<\/a><\/strong> no solo se caracteriza por su profesionalismo y experiencia, sino tambi\u00e9n por su compromiso con la comunidad. Elegirnos significa contar con:<\/p>\n<ul class=\"wp-block-list\">\n<li><strong>Soluciones de calidad a precios accesibles<\/strong>: En un esfuerzo solidario, nuestros precios de coste hacen posible que m\u00e1s personas accedan a <a href=\"https:\/\/rehabilitaciones-tamarit.es\/manten-tu-hogar-seco-servicios-profesionales-de-impermeabilizacion\/\">servicios profesionales<\/a> de restauraci\u00f3n y rehabilitaci\u00f3n.<\/li>\n<li><strong>Rapidez y eficiencia<\/strong>: Sabemos que la urgencia es vital. Nuestro equipo trabaja con rapidez y precisi\u00f3n para asegurar que su <a href=\"https:\/\/rehabilitaciones-tamarit.es\/tejados-seguros-hogar-protegido-expertos-en-impermeabilizacion-de-cubiertas\/\">hogar o negocio vuelva a ser seguro<\/a> en el menor tiempo posible.<\/li>\n<li><strong>Profesionales expertos y comprometidos<\/strong>: Contamos con un equipo de expertos en rehabilitaci\u00f3n e impermeabilizaci\u00f3n con a\u00f1os de experiencia, que entienden la importancia de cada detalle en cada proyecto.<\/li>\n<\/ul>\n<h2 class=\"wp-block-heading\">Toegang tot onze hulpdiensten<\/h2>\n<p>Si usted o alguien que conoce ha sido afectado por la DANA en la Comunidad Valenciana, puede <strong>contactar con Rehabilitaciones Tamarit<\/strong> para recibir m\u00e1s informaci\u00f3n sobre nuestros servicios a precios de coste. Estamos aqu\u00ed para asesorarle y acompa\u00f1arle en cada paso del proceso, desde la evaluaci\u00f3n inicial hasta la completa restauraci\u00f3n de su inmueble.<\/p>\n<h2 class=\"wp-block-heading\">Un Futuro Seguro para la Comunidad Valenciana<\/h2>\n<p>Op <strong>Tamarit Revalidaties<\/strong>, estamos comprometidos con la recuperaci\u00f3n y el bienestar de nuestra comunidad. Nos enorgullece poner nuestros conocimientos y habilidades al servicio de todos los afectados, aportando <a href=\"https:\/\/rehabilitaciones-tamarit.es\/soluciones-para-impermeabilizacion-de-terrazas-y-techos-manten-tu-espacio-seco-y-seguro\/\">soluciones<\/a> duraderas y asequibles para que cada familia y negocio afectado pueda retomar sus actividades con tranquilidad y seguridad. Colaboraremos con las aseguradoras<\/p>\n<p>Rehabilitar, restaurar y reconstruir es nuestra especialidad, y hoy m\u00e1s que nunca, lo hacemos con la m\u00e1xima dedicaci\u00f3n y empat\u00eda hacia nuestros vecinos.<\/p>\n<p><!-- FeedbackWP Plugin --><\/p><\/div>\n<p><br \/>\n<br \/><a href=\"https:\/\/rehabilitaciones-tamarit.es\/apoyo-a-nuestros-vecinos-de-la-comunidad-valenciana\/\">Bron link <\/a><\/p>","protected":false},"excerpt":{"rendered":"<p>En momentos dif\u00edciles, como los que ha vivido la Comunidad Valenciana tras los recientes episodios de DANA (Depresi\u00f3n Aislada en Niveles Altos), la solidaridad y el apoyo comunitario se vuelven fundamentales. Rehabilitaciones Tamarit se une a las iniciativas de ayuda ofreciendo servicios de rehabilitaci\u00f3n, restauraci\u00f3n e impermeabilizaci\u00f3n de viviendas y edificios a precios de coste. [&hellip;]<\/p>\n","protected":false},"author":1,"featured_media":31279,"comment_status":"open","ping_status":"open","sticky":false,"template":"","format":"standard","meta":{"footnotes":""},"categories":[150],"tags":[],"class_list":["post-31278","post","type-post","status-publish","format-standard","has-post-thumbnail","hentry","category-uncategorized"],"_links":{"self":[{"href":"https:\/\/alquila-piso.es\/nl_nl_formal\/wp-json\/wp\/v2\/posts\/31278","targetHints":{"allow":["GET"]}}],"collection":[{"href":"https:\/\/alquila-piso.es\/nl_nl_formal\/wp-json\/wp\/v2\/posts"}],"about":[{"href":"https:\/\/alquila-piso.es\/nl_nl_formal\/wp-json\/wp\/v2\/types\/post"}],"author":[{"embeddable":true,"href":"https:\/\/alquila-piso.es\/nl_nl_formal\/wp-json\/wp\/v2\/users\/1"}],"replies":[{"embeddable":true,"href":"https:\/\/alquila-piso.es\/nl_nl_formal\/wp-json\/wp\/v2\/comments?post=31278"}],"version-history":[{"count":0,"href":"https:\/\/alquila-piso.es\/nl_nl_formal\/wp-json\/wp\/v2\/posts\/31278\/revisions"}],"wp:featuredmedia":[{"embeddable":true,"href":"https:\/\/alquila-piso.es\/nl_nl_formal\/wp-json\/wp\/v2\/media\/31279"}],"wp:attachment":[{"href":"https:\/\/alquila-piso.es\/nl_nl_formal\/wp-json\/wp\/v2\/media?parent=31278"}],"wp:term":[{"taxonomy":"category","embeddable":true,"href":"https:\/\/alquila-piso.es\/nl_nl_formal\/wp-json\/wp\/v2\/categories?post=31278"},{"taxonomy":"post_tag","embeddable":true,"href":"https:\/\/alquila-piso.es\/nl_nl_formal\/wp-json\/wp\/v2\/tags?post=31278"}],"curies":[{"name":"wp","href":"https:\/\/api.w.org\/{rel}","templated":true}]}}