{"id":20557,"date":"2023-11-04T15:50:07","date_gmt":"2023-11-04T15:50:07","guid":{"rendered":"https:\/\/alquila-piso.es\/?p=20557"},"modified":"2023-11-04T15:50:07","modified_gmt":"2023-11-04T15:50:07","slug":"precios-de-alquileres-en-la-comunidad-de-barcelona","status":"publish","type":"post","link":"https:\/\/alquila-piso.es\/nl_nl_formal\/huurprijzen-in-de-gemeenschap-van-barcelona\/","title":{"rendered":"Huurprijzen in de gemeente Barcelona"},"content":{"rendered":"<p>Huurprijzen in de Gemeenschap van Barcelona kunnen vari\u00ebren afhankelijk van de locatie, grootte en kenmerken van de woning. Barcelona is een zeer populaire en kosmopolitische stad, dus de huurprijzen liggen vaak hoger in vergelijking met andere gebieden in de Gemeenschap.<\/p>\n<p>In het centrum van Barcelona beginnen de huurprijzen voor flats met 1 slaapkamer meestal rond de 900 euro per maand. Voor flats met 2 slaapkamers kunnen de prijzen vari\u00ebren van 1.200 tot 1.800 euro per maand. Hoe dichter de flat bij het centrum en de toeristische gebieden ligt, hoe hoger de prijzen waarschijnlijk zullen zijn.<\/p>\n<p>Als u op zoek bent naar grotere woningen, zoals een 3- of 4-slaapkamerappartement, kunnen de huurprijzen oplopen tot meer dan 2.000 euro per maand, vooral in prestigieuze wijken of in exclusievere buurten van Barcelona.<\/p>\n<p>Het is belangrijk om in gedachten te houden dat deze prijzen slechts een schatting zijn en kunnen vari\u00ebren afhankelijk van de exacte locatie en de vraag en aanbod op de vastgoedmarkt. U kunt ook goedkopere opties vinden in gebieden die verder weg liggen van het stadscentrum.<\/p>\n<p>Voor meer precieze informatie over de prijzen van <a class=\"wpil_keyword_link\" href=\"https:\/\/alquila-piso.es\/nl_nl_formal\/property-submit-front\/\"   title=\"verhuur\" data-wpil-keyword-link=\"linked\">verhuur<\/a> In de gemeente Barcelona raad ik u aan om online onroerendgoedportalen te raadplegen, contact op te nemen met plaatselijke makelaars of te zoeken naar huuradvertenties in kranten en woontijdschriften. Zij kunnen u up-to-date informatie geven over huurprijzen in het gebied waarin u ge\u00efnteresseerd bent.<\/p>","protected":false},"excerpt":{"rendered":"<p>Los precios de alquiler en la Comunidad de Barcelona pueden variar seg\u00fan la ubicaci\u00f3n, el tama\u00f1o y las caracter\u00edsticas de la propiedad. Barcelona es una ciudad muy popular y cosmopolita, por lo que los precios de alquiler tienden a ser m\u00e1s altos en comparaci\u00f3n con otras \u00e1reas de la Comunidad. En el centro de Barcelona, [&hellip;]<\/p>\n","protected":false},"author":1,"featured_media":20186,"comment_status":"open","ping_status":"open","sticky":false,"template":"","format":"standard","meta":{"footnotes":""},"categories":[22],"tags":[],"class_list":["post-20557","post","type-post","status-publish","format-standard","has-post-thumbnail","hentry","category-alquilar-piso"],"_links":{"self":[{"href":"https:\/\/alquila-piso.es\/nl_nl_formal\/wp-json\/wp\/v2\/posts\/20557","targetHints":{"allow":["GET"]}}],"collection":[{"href":"https:\/\/alquila-piso.es\/nl_nl_formal\/wp-json\/wp\/v2\/posts"}],"about":[{"href":"https:\/\/alquila-piso.es\/nl_nl_formal\/wp-json\/wp\/v2\/types\/post"}],"author":[{"embeddable":true,"href":"https:\/\/alquila-piso.es\/nl_nl_formal\/wp-json\/wp\/v2\/users\/1"}],"replies":[{"embeddable":true,"href":"https:\/\/alquila-piso.es\/nl_nl_formal\/wp-json\/wp\/v2\/comments?post=20557"}],"version-history":[{"count":2,"href":"https:\/\/alquila-piso.es\/nl_nl_formal\/wp-json\/wp\/v2\/posts\/20557\/revisions"}],"predecessor-version":[{"id":23150,"href":"https:\/\/alquila-piso.es\/nl_nl_formal\/wp-json\/wp\/v2\/posts\/20557\/revisions\/23150"}],"wp:featuredmedia":[{"embeddable":true,"href":"https:\/\/alquila-piso.es\/nl_nl_formal\/wp-json\/wp\/v2\/media\/20186"}],"wp:attachment":[{"href":"https:\/\/alquila-piso.es\/nl_nl_formal\/wp-json\/wp\/v2\/media?parent=20557"}],"wp:term":[{"taxonomy":"category","embeddable":true,"href":"https:\/\/alquila-piso.es\/nl_nl_formal\/wp-json\/wp\/v2\/categories?post=20557"},{"taxonomy":"post_tag","embeddable":true,"href":"https:\/\/alquila-piso.es\/nl_nl_formal\/wp-json\/wp\/v2\/tags?post=20557"}],"curies":[{"name":"wp","href":"https:\/\/api.w.org\/{rel}","templated":true}]}}