{"id":20555,"date":"2023-11-04T15:43:36","date_gmt":"2023-11-04T15:43:36","guid":{"rendered":"https:\/\/alquila-piso.es\/?p=20555"},"modified":"2023-11-04T15:43:36","modified_gmt":"2023-11-04T15:43:36","slug":"precios-de-alquileres-en-la-comunidad-de-madrid","status":"publish","type":"post","link":"https:\/\/alquila-piso.es\/nl_nl_formal\/huurprijzen-in-de-gemeenschap-van-madrid\/","title":{"rendered":"Huurprijzen in de gemeente Madrid"},"content":{"rendered":"<p>Huurprijzen in de Gemeenschap Madrid vari\u00ebren afhankelijk van de locatie, grootte en kenmerken van de woning. Madrid is een stad waar veel vraag naar is, dus de huurprijzen liggen meestal hoger in vergelijking met andere gebieden in de Gemeenschap.<\/p>\n<p>In het centrum van Madrid beginnen de huurprijzen voor flats met 1 slaapkamer meestal rond de 800 euro per maand. Voor flats met 2 slaapkamers kunnen de prijzen vari\u00ebren van 1.000 tot 1.500 euro per maand. Hoe dichter de flat bij het centrum en de winkel- en recreatiegebieden ligt, hoe hoger de prijzen waarschijnlijk zullen zijn.<\/p>\n<p>Als u op zoek bent naar grotere woningen, zoals een appartement met 3 of 4 slaapkamers, kunnen de huurprijzen oplopen tot meer dan 2.000 euro per maand, vooral in prestigieuze wijken of in exclusievere buurten van Madrid.<\/p>\n<p>Het is belangrijk om in gedachten te houden dat deze prijzen slechts een schatting zijn en kunnen vari\u00ebren afhankelijk van de exacte locatie en de vraag en aanbod op de vastgoedmarkt. U kunt ook goedkopere opties vinden in gebieden die verder weg liggen van het stadscentrum.<\/p>\n<p>Voor meer precieze informatie over de prijzen van <a class=\"wpil_keyword_link\" href=\"https:\/\/alquila-piso.es\/nl_nl_formal\/property-submit-front\/\"   title=\"verhuur\" data-wpil-keyword-link=\"linked\">verhuur<\/a> In de gemeente Madrid raad ik u aan online onroerend goed portals te raadplegen, contact op te nemen met lokale makelaars of te zoeken naar huuradvertenties in kranten en woontijdschriften. Zij kunnen u up-to-date informatie geven over huurprijzen in het gebied waarin u ge\u00efnteresseerd bent.<\/p>","protected":false},"excerpt":{"rendered":"<p>Los precios de alquiler en la Comunidad de Madrid var\u00edan seg\u00fan la ubicaci\u00f3n, el tama\u00f1o y las caracter\u00edsticas de la propiedad. Madrid es una ciudad muy demandada, por lo que los precios de alquiler tienden a ser m\u00e1s altos en comparaci\u00f3n con otras \u00e1reas de la Comunidad. En el centro de Madrid, los alquileres de [&hellip;]<\/p>\n","protected":false},"author":1,"featured_media":20530,"comment_status":"open","ping_status":"open","sticky":false,"template":"","format":"standard","meta":{"footnotes":""},"categories":[22],"tags":[],"class_list":["post-20555","post","type-post","status-publish","format-standard","has-post-thumbnail","hentry","category-alquilar-piso"],"_links":{"self":[{"href":"https:\/\/alquila-piso.es\/nl_nl_formal\/wp-json\/wp\/v2\/posts\/20555","targetHints":{"allow":["GET"]}}],"collection":[{"href":"https:\/\/alquila-piso.es\/nl_nl_formal\/wp-json\/wp\/v2\/posts"}],"about":[{"href":"https:\/\/alquila-piso.es\/nl_nl_formal\/wp-json\/wp\/v2\/types\/post"}],"author":[{"embeddable":true,"href":"https:\/\/alquila-piso.es\/nl_nl_formal\/wp-json\/wp\/v2\/users\/1"}],"replies":[{"embeddable":true,"href":"https:\/\/alquila-piso.es\/nl_nl_formal\/wp-json\/wp\/v2\/comments?post=20555"}],"version-history":[{"count":2,"href":"https:\/\/alquila-piso.es\/nl_nl_formal\/wp-json\/wp\/v2\/posts\/20555\/revisions"}],"predecessor-version":[{"id":23149,"href":"https:\/\/alquila-piso.es\/nl_nl_formal\/wp-json\/wp\/v2\/posts\/20555\/revisions\/23149"}],"wp:featuredmedia":[{"embeddable":true,"href":"https:\/\/alquila-piso.es\/nl_nl_formal\/wp-json\/wp\/v2\/media\/20530"}],"wp:attachment":[{"href":"https:\/\/alquila-piso.es\/nl_nl_formal\/wp-json\/wp\/v2\/media?parent=20555"}],"wp:term":[{"taxonomy":"category","embeddable":true,"href":"https:\/\/alquila-piso.es\/nl_nl_formal\/wp-json\/wp\/v2\/categories?post=20555"},{"taxonomy":"post_tag","embeddable":true,"href":"https:\/\/alquila-piso.es\/nl_nl_formal\/wp-json\/wp\/v2\/tags?post=20555"}],"curies":[{"name":"wp","href":"https:\/\/api.w.org\/{rel}","templated":true}]}}