{"id":32215,"date":"2026-04-27T12:32:09","date_gmt":"2026-04-27T12:32:09","guid":{"rendered":"https:\/\/alquila-piso.es\/peritaje-naval-en-cartagena-proptrust-marine-mar-menor-y-cabo-de-palos-2\/"},"modified":"2026-04-27T12:32:09","modified_gmt":"2026-04-27T12:32:09","slug":"peritaje-naval-en-cartagena-proptrust-marine-mar-menor-y-cabo-de-palos-2","status":"publish","type":"post","link":"https:\/\/alquila-piso.es\/it\/peritaje-naval-en-cartagena-proptrust-marine-mar-menor-y-cabo-de-palos-2\/","title":{"rendered":"Peritaje Naval en Cartagena | PropTrust Marine\u2122 | Mar Menor y Cabo de Palos"},"content":{"rendered":"<p> <br \/>\n<\/p>\n<div>\n<h2>Cobertura Total en la Regi\u00f3n de Murcia<\/h2>\n<p>Nos desplazamos a cualquier puerto, cala o fondeadero de la costa murciana. Desde el hist\u00f3rico Puerto de Cartagena hasta las calas de \u00c1guilas. Somos tu perito naval de confianza en el sureste espa\u00f1ol.<\/p>\n<ul class=\"coverage-list\">\n<li><strong>Cartagena:<\/strong> Puerto de Cartagena, Base Naval, Marina de Cabo de Palos<\/li>\n<li><strong>Mar Menor:<\/strong> La Manga, Los Alc\u00e1zares, Santiago de la Ribera<\/li>\n<li><strong>Golfe de Mazarr\u00f3n:<\/strong> Isla Plana, Puerto de Mazarr\u00f3n, Calblanque<\/li>\n<li><strong>\u00c1guilas:<\/strong> Puerto de \u00c1guilas, Calas del Hornillo, Cope<\/li>\n<\/ul>\n<p>      <a href=\"#contacto\" class=\"btn btn-primary\" style=\"background: white; color: var(--color-navy-base);\"><br \/>\n        Consultar Disponibilidad<br \/>\n      <\/a>\n    <\/div>\n<p><br \/>\n<br \/><a href=\"https:\/\/proptrustverified.com\/en\/peritaje-naval-en-cartagena-proptrust-marine-mar-menor-y-cabo-de-palos\/\">Link alla fonte <\/a><\/p>","protected":false},"excerpt":{"rendered":"<p>Cobertura Total en la Regi\u00f3n de Murcia Nos desplazamos a cualquier puerto, cala o fondeadero de la costa murciana. Desde el hist\u00f3rico Puerto de Cartagena hasta las calas de \u00c1guilas. Somos tu perito naval de confianza en el sureste espa\u00f1ol. Cartagena: Puerto de Cartagena, Base Naval, Marina de Cabo de Palos Mar Menor: La Manga, [&hellip;]<\/p>\n","protected":false},"author":1,"featured_media":32201,"comment_status":"open","ping_status":"open","sticky":false,"template":"","format":"standard","meta":{"footnotes":""},"categories":[21],"tags":[],"class_list":["post-32215","post","type-post","status-publish","format-standard","has-post-thumbnail","hentry","category-real-estate"],"_links":{"self":[{"href":"https:\/\/alquila-piso.es\/it\/wp-json\/wp\/v2\/posts\/32215","targetHints":{"allow":["GET"]}}],"collection":[{"href":"https:\/\/alquila-piso.es\/it\/wp-json\/wp\/v2\/posts"}],"about":[{"href":"https:\/\/alquila-piso.es\/it\/wp-json\/wp\/v2\/types\/post"}],"author":[{"embeddable":true,"href":"https:\/\/alquila-piso.es\/it\/wp-json\/wp\/v2\/users\/1"}],"replies":[{"embeddable":true,"href":"https:\/\/alquila-piso.es\/it\/wp-json\/wp\/v2\/comments?post=32215"}],"version-history":[{"count":0,"href":"https:\/\/alquila-piso.es\/it\/wp-json\/wp\/v2\/posts\/32215\/revisions"}],"wp:featuredmedia":[{"embeddable":true,"href":"https:\/\/alquila-piso.es\/it\/wp-json\/wp\/v2\/media\/32201"}],"wp:attachment":[{"href":"https:\/\/alquila-piso.es\/it\/wp-json\/wp\/v2\/media?parent=32215"}],"wp:term":[{"taxonomy":"category","embeddable":true,"href":"https:\/\/alquila-piso.es\/it\/wp-json\/wp\/v2\/categories?post=32215"},{"taxonomy":"post_tag","embeddable":true,"href":"https:\/\/alquila-piso.es\/it\/wp-json\/wp\/v2\/tags?post=32215"}],"curies":[{"name":"wp","href":"https:\/\/api.w.org\/{rel}","templated":true}]}}