{"id":31522,"date":"2024-12-04T21:04:43","date_gmt":"2024-12-04T21:04:43","guid":{"rendered":"https:\/\/alquila-piso.es\/accesibilidad-universal-en-proyectos-de-rehabilitacion\/"},"modified":"2024-12-04T21:04:43","modified_gmt":"2024-12-04T21:04:43","slug":"accesibilidad-universal-en-proyectos-de-rehabilitacion","status":"publish","type":"post","link":"https:\/\/alquila-piso.es\/it\/accesibilidad-universal-en-proyectos-de-rehabilitacion\/","title":{"rendered":"L'accessibilit\u00e0 universale nei progetti di riabilitazione"},"content":{"rendered":"<p> <br \/>\n<\/p>\n<div data-ast-blocks-layout=\"true\">\n<p>L'accessibilit\u00e0 universale nei progetti di trasporto pubblico <a href=\"https:\/\/rehabilitaciones-tamarit.es\/rehabilitacion-de-edificios-y-viviendas-en-valencia\/\">ristrutturazione dell'edificio<\/a> \u00e8 di vitale importanza, in quanto promuove l'inclusione e garantisce che gli spazi siano accessibili a tutte le persone, indipendentemente dalle loro capacit\u00e0 fisiche o cognitive. L'importanza dell'accessibilit\u00e0 universale in questo contesto viene discussa qui:<\/p>\n<ol class=\"wp-block-list\">\n<li><strong>Inclusione e diversit\u00e0:<\/strong>\n<ul class=\"wp-block-list\">\n<li>L'accessibilit\u00e0 universale promuove l'inclusione e la diversit\u00e0, garantendo che le persone con disabilit\u00e0 siano in grado di <a class=\"wpil_keyword_link\" href=\"https:\/\/rehabilitaciones-tamarit.es\/contacto\/\" title=\"edifici\" data-wpil-keyword-link=\"linked\">edifici<\/a> sono utilizzabili da tutte le persone, indipendentemente dall'et\u00e0, dalle abilit\u00e0 fisiche o dalle esigenze specifiche. Questo crea ambienti pi\u00f9 equi e accoglienti per la comunit\u00e0 in generale.<\/li>\n<\/ul>\n<\/li>\n<li><strong>Conformit\u00e0 normativa:<\/strong>\n<ul class=\"wp-block-list\">\n<li>Molte giurisdizioni richiedono la conformit\u00e0 alle normative sull'accessibilit\u00e0 nei progetti di costruzione e ristrutturazione. Il rispetto di queste norme non \u00e8 solo un requisito legale, ma garantisce anche che gli edifici siano sicuri e utilizzabili da tutte le persone.<\/li>\n<\/ul>\n<\/li>\n<li><strong>Invecchiamento della popolazione:<\/strong>\n<ul class=\"wp-block-list\">\n<li>Con l'invecchiamento della popolazione, l'accessibilit\u00e0 diventa ancora pi\u00f9 cruciale. Le persone anziane devono spesso affrontare problemi di mobilit\u00e0 e i progetti di riabilitazione che incorporano i principi di accessibilit\u00e0 possono facilitare la loro partecipazione attiva nella societ\u00e0 e la loro indipendenza.<\/li>\n<\/ul>\n<\/li>\n<li><strong>Migliorare l'esperienza dell'utente:<\/strong>\n<ul class=\"wp-block-list\">\n<li>L'accessibilit\u00e0 universale migliora l'esperienza dell'utente per tutte le persone. I progetti che tengono conto dell'accessibilit\u00e0 rendono gli spazi pi\u00f9 facili da navigare e da utilizzare, migliorando il comfort e l'efficienza per tutti.<\/li>\n<\/ul>\n<\/li>\n<li><strong>Valore sociale ed etico:<\/strong>\n<ul class=\"wp-block-list\">\n<li>L'accessibilit\u00e0 universale riflette i valori sociali ed etici, riconoscendo pari diritti e opportunit\u00e0 per tutte le persone. I progetti di riabilitazione che danno priorit\u00e0 all'accessibilit\u00e0 contribuiscono a una societ\u00e0 pi\u00f9 equa e inclusiva.<\/li>\n<\/ul>\n<\/li>\n<li><strong>Ampliare il pubblico e la clientela:<\/strong>\n<ul class=\"wp-block-list\">\n<li>Affari e <a href=\"https:\/\/rehabilitaciones-tamarit.es\/servicios-de-rehabilitaciones-en-comunidades-y-edificios\/\">servizi situati negli edifici<\/a> universalmente accessibile pu\u00f2 raggiungere un pubblico pi\u00f9 vasto. Assicurando che tutti i potenziali clienti possano accedere ad un edificio e ai suoi servizi, si massimizza la clientela e si rafforza la reputazione della struttura.<\/li>\n<\/ul>\n<\/li>\n<li><strong>Adattabilit\u00e0 ai cambiamenti di mobilit\u00e0:<\/strong>\n<ul class=\"wp-block-list\">\n<li>L'accessibilit\u00e0 non riguarda solo la mobilit\u00e0 fisica, ma anche quella cognitiva. Gli spazi accessibili sono pi\u00f9 adattabili alle esigenze mutevoli delle persone nel tempo, come le lesioni temporanee o i cambiamenti di mobilit\u00e0 dovuti all'invecchiamento.<\/li>\n<\/ul>\n<\/li>\n<li><strong>Conformit\u00e0 ai principi del design universale:<\/strong>\n<ul class=\"wp-block-list\">\n<li>L'accessibilit\u00e0 universale si allinea ai principi del design universale, che cercano di creare ambienti utilizzabili dal maggior numero possibile di persone, senza la necessit\u00e0 di adattamenti specifici. Questi principi cercano di anticipare e affrontare le diverse esigenze degli utenti fin dall'inizio della progettazione.<\/li>\n<\/ul>\n<\/li>\n<li><strong>Sostenibilit\u00e0 sociale:<\/strong>\n<ul class=\"wp-block-list\">\n<li>La sostenibilit\u00e0 sociale \u00e8 un aspetto chiave dell'accessibilit\u00e0 universale. Garantendo l'accessibilit\u00e0 degli edifici, si promuove la sostenibilit\u00e0 sociale fornendo pari opportunit\u00e0 e accesso alle risorse a tutte le persone, indipendentemente dalle loro capacit\u00e0.<\/li>\n<\/ul>\n<\/li>\n<li><strong>Migliorare l'immagine del marchio:<\/strong>\n<ul class=\"wp-block-list\">\n<li>Le organizzazioni e le aziende che danno priorit\u00e0 all'accessibilit\u00e0 possono migliorare l'immagine e la reputazione del loro marchio. Mostrare un impegno per l'inclusione e l'accessibilit\u00e0 pu\u00f2 generare una percezione positiva tra i clienti, i dipendenti e la comunit\u00e0 in generale.<\/li>\n<\/ul>\n<\/li>\n<\/ol>\n<p><!-- FeedbackWP Plugin --><\/p><\/div>\n<p><br \/>\n<br \/><a href=\"https:\/\/rehabilitaciones-tamarit.es\/accesibilidad-universal-en-proyectos-de-rehabilitacion\/\">Link alla fonte <\/a><\/p>","protected":false},"excerpt":{"rendered":"<p>La accesibilidad universal en proyectos de rehabilitaci\u00f3n de edificios es de vital importancia, ya que promueve la inclusi\u00f3n y garantiza que los espacios sean accesibles para todas las personas, independientemente de sus habilidades f\u00edsicas o cognitivas. Aqu\u00ed se analiza la importancia de la accesibilidad universal en este contexto: Inclusi\u00f3n y Diversidad: La accesibilidad universal fomenta [&hellip;]<\/p>\n","protected":false},"author":1,"featured_media":31523,"comment_status":"open","ping_status":"open","sticky":false,"template":"","format":"standard","meta":{"footnotes":""},"categories":[150],"tags":[],"class_list":["post-31522","post","type-post","status-publish","format-standard","has-post-thumbnail","hentry","category-uncategorized"],"_links":{"self":[{"href":"https:\/\/alquila-piso.es\/it\/wp-json\/wp\/v2\/posts\/31522","targetHints":{"allow":["GET"]}}],"collection":[{"href":"https:\/\/alquila-piso.es\/it\/wp-json\/wp\/v2\/posts"}],"about":[{"href":"https:\/\/alquila-piso.es\/it\/wp-json\/wp\/v2\/types\/post"}],"author":[{"embeddable":true,"href":"https:\/\/alquila-piso.es\/it\/wp-json\/wp\/v2\/users\/1"}],"replies":[{"embeddable":true,"href":"https:\/\/alquila-piso.es\/it\/wp-json\/wp\/v2\/comments?post=31522"}],"version-history":[{"count":0,"href":"https:\/\/alquila-piso.es\/it\/wp-json\/wp\/v2\/posts\/31522\/revisions"}],"wp:featuredmedia":[{"embeddable":true,"href":"https:\/\/alquila-piso.es\/it\/wp-json\/wp\/v2\/media\/31523"}],"wp:attachment":[{"href":"https:\/\/alquila-piso.es\/it\/wp-json\/wp\/v2\/media?parent=31522"}],"wp:term":[{"taxonomy":"category","embeddable":true,"href":"https:\/\/alquila-piso.es\/it\/wp-json\/wp\/v2\/categories?post=31522"},{"taxonomy":"post_tag","embeddable":true,"href":"https:\/\/alquila-piso.es\/it\/wp-json\/wp\/v2\/tags?post=31522"}],"curies":[{"name":"wp","href":"https:\/\/api.w.org\/{rel}","templated":true}]}}