{"id":31516,"date":"2024-12-04T17:57:14","date_gmt":"2024-12-04T17:57:14","guid":{"rendered":"https:\/\/alquila-piso.es\/la-rehabilitacion-de-edificios-contribuye-a-la-creacion-de-espacios-mas-saludables-y-habitables\/"},"modified":"2024-12-04T17:57:14","modified_gmt":"2024-12-04T17:57:14","slug":"la-rehabilitacion-de-edificios-contribuye-a-la-creacion-de-espacios-mas-saludables-y-habitables","status":"publish","type":"post","link":"https:\/\/alquila-piso.es\/it\/la-rehabilitacion-de-edificios-contribuye-a-la-creacion-de-espacios-mas-saludables-y-habitables\/","title":{"rendered":"La ristrutturazione degli edifici contribuisce alla creazione di spazi pi\u00f9 sani e abitabili."},"content":{"rendered":"<p> <br \/>\n<\/p>\n<div data-ast-blocks-layout=\"true\">\n<p>Il <a href=\"https:\/\/rehabilitaciones-tamarit.es\/rehabilitacion-de-edificios-y-viviendas-en-valencia\/\">ristrutturazione dell'edificio<\/a> non solo mira a migliorare l'aspetto estetico e la funzionalit\u00e0 delle strutture, ma pu\u00f2 anche avere un impatto significativo sulla creazione di spazi pi\u00f9 sani e vivibili. Qui esaminiamo diversi aspetti in cui il retrofitting contribuisce a questo obiettivo:<\/p>\n<ol class=\"wp-block-list\">\n<li><strong>Migliorare la qualit\u00e0 dell'aria interna:<\/strong>\n<ul class=\"wp-block-list\">\n<li>L'aggiornamento dei sistemi di ventilazione e l'incorporazione di tecnologie che monitorano la qualit\u00e0 dell'aria interna durante la ristrutturazione possono ridurre la concentrazione di inquinanti e migliorare la salute respiratoria degli occupanti.<\/li>\n<\/ul>\n<\/li>\n<li><strong>Isolamento termico ed efficienza energetica:<\/strong>\n<ul class=\"wp-block-list\">\n<li>Il retrofit pu\u00f2 includere l'installazione di isolamento termico, finestre efficienti e altri elementi che aiutano a mantenere una temperatura interna costante. Questo non solo migliora l'efficienza energetica, ma crea anche un ambiente pi\u00f9 confortevole e sano.<\/li>\n<\/ul>\n<\/li>\n<li><strong>Illuminazione naturale e artificiale:<\/strong>\n<ul class=\"wp-block-list\">\n<li>Il retrofit pu\u00f2 massimizzare l'ingresso della luce naturale modificando la disposizione delle finestre e incorporando i lucernari. Inoltre, l'aggiornamento dei sistemi di illuminazione artificiale pu\u00f2 migliorare la visibilit\u00e0 e creare un ambiente pi\u00f9 sano.<\/li>\n<\/ul>\n<\/li>\n<li><strong>Spazi verdi e paesaggio:<\/strong>\n<ul class=\"wp-block-list\">\n<li>La riabilitazione pu\u00f2 includere la creazione di spazi verdi, cortili interni, o l'installazione di giardini in <a class=\"wpil_keyword_link\" href=\"https:\/\/rehabilitaciones-tamarit.es\/contacto\/\" title=\"tetti\" data-wpil-keyword-link=\"linked\">tetti<\/a>. Questi elementi non solo contribuiscono all'estetica, ma promuovono anche la connessione con la natura e la salute mentale.<\/li>\n<\/ul>\n<\/li>\n<li><strong>Gestione sostenibile dei rifiuti e dei materiali:<\/strong>\n<ul class=\"wp-block-list\">\n<li>La scelta di materiali edili sostenibili e l'implementazione di sistemi di gestione dei rifiuti durante la ristrutturazione contribuiscono a creare ambienti pi\u00f9 sani, riducendo l'esposizione a sostanze tossiche e minimizzando la produzione di rifiuti.<\/li>\n<\/ul>\n<\/li>\n<li><strong>Accessibilit\u00e0 universale:<\/strong>\n<ul class=\"wp-block-list\">\n<li>La riabilitazione pu\u00f2 migliorare l'accessibilit\u00e0 incorporando rampe, ascensori e altri adattamenti che consentono l'accesso alle persone con disabilit\u00e0. Questo non solo rispetta i principi di equit\u00e0, ma migliora anche la funzionalit\u00e0 dello spazio per tutti.<\/li>\n<\/ul>\n<\/li>\n<li><strong>Gestione dell'acqua:<\/strong>\n<ul class=\"wp-block-list\">\n<li>L'installazione di sistemi idraulici efficienti e l'implementazione di misure di conservazione dell'acqua durante la riabilitazione contribuiscono alla gestione sostenibile di questa risorsa vitale, a beneficio dell'ambiente e della salute umana.<\/li>\n<\/ul>\n<\/li>\n<li><strong>Spazi flessibili e adattivi:<\/strong>\n<ul class=\"wp-block-list\">\n<li>La ristrutturazione pu\u00f2 creare spazi flessibili che possono essere adattati a varie esigenze e utilizzi. Ci\u00f2 consente una maggiore versatilit\u00e0 e ottimizzazione degli spazi, contribuendo al comfort e alla funzionalit\u00e0.<\/li>\n<\/ul>\n<\/li>\n<li><strong>Controllo del rumore:<\/strong>\n<ul class=\"wp-block-list\">\n<li>L'adeguamento pu\u00f2 includere miglioramenti nell'isolamento acustico per ridurre l'esposizione al rumore esterno e migliorare la qualit\u00e0 del sonno e della concentrazione all'interno dell'edificio.<\/li>\n<\/ul>\n<\/li>\n<li><strong>Sicurezza strutturale:<\/strong>\n<ul class=\"wp-block-list\">\n<li>L'adeguamento pu\u00f2 risolvere i problemi strutturali e di sicurezza, creando un ambiente di vita che offre agli occupanti maggiore tranquillit\u00e0 e benessere.<\/li>\n<\/ul>\n<\/li>\n<li><strong>Design ergonomico:<\/strong>\n<ul class=\"wp-block-list\">\n<li>La considerazione del design ergonomico durante la riabilitazione pu\u00f2 migliorare la disposizione degli spazi e il comfort degli occupanti, riducendo i potenziali stress fisici e migliorando la qualit\u00e0 della vita.<\/li>\n<\/ul>\n<\/li>\n<li><strong>Gestione dell'umidit\u00e0:<\/strong>\n<ul class=\"wp-block-list\">\n<li>Il retrofit pu\u00f2 includere misure per controllare l'umidit\u00e0 all'interno dell'edificio, riducendo la possibilit\u00e0 di muffa e migliorando la qualit\u00e0 dell'aria interna.<\/li>\n<\/ul>\n<\/li>\n<li><strong>Connettersi con la comunit\u00e0:<\/strong>\n<ul class=\"wp-block-list\">\n<li>La riabilitazione che incorpora spazi comunitari e aree di interazione pu\u00f2 favorire la coesione sociale e contribuire alla salute mentale ed emotiva dei residenti.<\/li>\n<\/ul>\n<\/li>\n<li><strong>Conformit\u00e0 alle normative sulla salute e sulla sicurezza:<\/strong><\/li>\n<li><strong>Innovazioni tecnologiche per la salute:<\/strong>\n<ul class=\"wp-block-list\">\n<li>L'incorporazione di tecnologie intelligenti, come i sistemi di monitoraggio della qualit\u00e0 dell'aria o i dispositivi di benessere, pu\u00f2 migliorare la salute e il benessere degli occupanti durante la ristrutturazione.<\/li>\n<\/ul>\n<\/li>\n<\/ol>\n<p>Il <a href=\"https:\/\/rehabilitaciones-tamarit.es\/rehabilitaciones-tamarit-tu-empresa-de-confianza-para-la-rehabilitacion-de-edificios-y-viviendas\/\">ristrutturazione dell'edificio<\/a> va oltre l'estetica, diventando uno strumento chiave per creare ambienti sani e vivibili, che soddisfino le esigenze degli occupanti e contribuiscano al benessere generale.<\/p>\n<p><!-- FeedbackWP Plugin --><\/p><\/div>\n<p><br \/>\n<br \/><a href=\"https:\/\/rehabilitaciones-tamarit.es\/la-rehabilitacion-de-edificios-contribuye-a-la-creacion-de-espacios-mas-saludables-y-habitables\/\">Link alla fonte <\/a><\/p>","protected":false},"excerpt":{"rendered":"<p>La rehabilitaci\u00f3n de edificios no solo busca mejorar la apariencia est\u00e9tica y la funcionalidad de las estructuras, sino que tambi\u00e9n puede tener un impacto significativo en la creaci\u00f3n de espacios m\u00e1s saludables y habitables. Aqu\u00ed se examinan varios aspectos en los que la rehabilitaci\u00f3n contribuye a este objetivo: Mejora de la Calidad del Aire Interior: [&hellip;]<\/p>\n","protected":false},"author":1,"featured_media":31517,"comment_status":"open","ping_status":"open","sticky":false,"template":"","format":"standard","meta":{"footnotes":""},"categories":[150],"tags":[],"class_list":["post-31516","post","type-post","status-publish","format-standard","has-post-thumbnail","hentry","category-uncategorized"],"_links":{"self":[{"href":"https:\/\/alquila-piso.es\/it\/wp-json\/wp\/v2\/posts\/31516","targetHints":{"allow":["GET"]}}],"collection":[{"href":"https:\/\/alquila-piso.es\/it\/wp-json\/wp\/v2\/posts"}],"about":[{"href":"https:\/\/alquila-piso.es\/it\/wp-json\/wp\/v2\/types\/post"}],"author":[{"embeddable":true,"href":"https:\/\/alquila-piso.es\/it\/wp-json\/wp\/v2\/users\/1"}],"replies":[{"embeddable":true,"href":"https:\/\/alquila-piso.es\/it\/wp-json\/wp\/v2\/comments?post=31516"}],"version-history":[{"count":0,"href":"https:\/\/alquila-piso.es\/it\/wp-json\/wp\/v2\/posts\/31516\/revisions"}],"wp:featuredmedia":[{"embeddable":true,"href":"https:\/\/alquila-piso.es\/it\/wp-json\/wp\/v2\/media\/31517"}],"wp:attachment":[{"href":"https:\/\/alquila-piso.es\/it\/wp-json\/wp\/v2\/media?parent=31516"}],"wp:term":[{"taxonomy":"category","embeddable":true,"href":"https:\/\/alquila-piso.es\/it\/wp-json\/wp\/v2\/categories?post=31516"},{"taxonomy":"post_tag","embeddable":true,"href":"https:\/\/alquila-piso.es\/it\/wp-json\/wp\/v2\/tags?post=31516"}],"curies":[{"name":"wp","href":"https:\/\/api.w.org\/{rel}","templated":true}]}}