{"id":21175,"date":"2023-11-19T12:47:42","date_gmt":"2023-11-19T12:47:42","guid":{"rendered":"https:\/\/alquila-piso.es\/?p=21175"},"modified":"2024-01-09T18:53:01","modified_gmt":"2024-01-09T18:53:01","slug":"explora-nuestros-alquileres-de-pisos-y-encuentra-el-equilibrio-perfecto-entre-trabajo-y-descanso","status":"publish","type":"post","link":"https:\/\/alquila-piso.es\/it\/explora-nuestros-alquileres-de-pisos-y-encuentra-el-equilibrio-perfecto-entre-trabajo-y-descanso\/","title":{"rendered":"Explora nuestros alquileres de pisos y encuentra el equilibrio perfecto entre trabajo y descanso"},"content":{"rendered":"<h1>Explora nuestros alquileres de pisos y encuentra el equilibrio perfecto entre trabajo y descanso<\/h1>\n<p>Si est\u00e1s buscando un lugar donde vivir que te permita encontrar el equilibrio perfecto entre trabajo y descanso, has llegado al lugar indicado. En nuestra plataforma, ofrecemos una amplia variedad de alquileres de pisos que se adaptan a tus necesidades.<\/p>\n<p>Encontrar un espacio que te brinde tranquilidad y comodidad es fundamental para poder desarrollarte tanto profesional como personalmente. Nuestros <a href=\"https:\/\/alquila-piso.es\/it\/alquila-piso-es-la-mejor-opcion-para-alquilar-tu-piso\/\">affitti di appartamenti<\/a> est\u00e1n ubicados en zonas estrat\u00e9gicas de la ciudad, cercanas a centros de trabajo y con acceso a servicios y comodidades.<\/p>\n<p>Adem\u00e1s, nuestros pisos est\u00e1n dise\u00f1ados pensando en tu bienestar. Cuentan con espacios amplios y luminosos, mobiliario moderno y funcional, y est\u00e1n equipados con todas las comodidades que necesitas para vivir de manera c\u00f3moda y relajada.<\/p>\n<p>Si necesitas un lugar tranquilo donde puedas concentrarte en tu trabajo, nuestros <a href=\"https:\/\/alquila-piso.es\/it\/encuentra-alquileres-de-pisos-con-impresionantes-vistas-disfruta-de-panoramas-unicos-desde-la-comodidad-de-tu-hogar\/\">affitti di appartamenti<\/a> cuentan con \u00e1reas de estudio o home office, donde podr\u00e1s trabajar de manera eficiente y sin distracciones.<\/p>\n<p>Y cuando necesites desconectar y descansar, nuestros pisos tambi\u00e9n ofrecen espacios de ocio y relajaci\u00f3n, como terrazas, jardines o piscinas, donde podr\u00e1s disfrutar de momentos de tranquilidad y recreaci\u00f3n.<\/p>\n<p>En definitiva, nuestros <a href=\"https:\/\/alquila-piso.es\/it\/alquila-sin-preocupaciones-nuestros-alquileres-de-pisos-son-gestionados-por-expertos-en-bienes-raices\/\">affitti di appartamenti<\/a> te brindan la oportunidad de encontrar el equilibrio perfecto entre trabajo y descanso. No pierdas m\u00e1s tiempo buscando, explora nuestra plataforma y encuentra el lugar ideal para ti.<\/p>","protected":false},"excerpt":{"rendered":"<p>Explora nuestros alquileres de pisos y encuentra el equilibrio perfecto entre trabajo y descanso Si est\u00e1s buscando un lugar donde vivir que te permita encontrar el equilibrio perfecto entre trabajo y descanso, has llegado al lugar indicado. En nuestra plataforma, ofrecemos una amplia variedad de alquileres de pisos que se adaptan a tus necesidades. Encontrar [&hellip;]<\/p>\n","protected":false},"author":1,"featured_media":20986,"comment_status":"open","ping_status":"open","sticky":false,"template":"","format":"standard","meta":{"footnotes":""},"categories":[22],"tags":[],"class_list":["post-21175","post","type-post","status-publish","format-standard","has-post-thumbnail","hentry","category-alquilar-piso"],"_links":{"self":[{"href":"https:\/\/alquila-piso.es\/it\/wp-json\/wp\/v2\/posts\/21175","targetHints":{"allow":["GET"]}}],"collection":[{"href":"https:\/\/alquila-piso.es\/it\/wp-json\/wp\/v2\/posts"}],"about":[{"href":"https:\/\/alquila-piso.es\/it\/wp-json\/wp\/v2\/types\/post"}],"author":[{"embeddable":true,"href":"https:\/\/alquila-piso.es\/it\/wp-json\/wp\/v2\/users\/1"}],"replies":[{"embeddable":true,"href":"https:\/\/alquila-piso.es\/it\/wp-json\/wp\/v2\/comments?post=21175"}],"version-history":[{"count":4,"href":"https:\/\/alquila-piso.es\/it\/wp-json\/wp\/v2\/posts\/21175\/revisions"}],"predecessor-version":[{"id":23267,"href":"https:\/\/alquila-piso.es\/it\/wp-json\/wp\/v2\/posts\/21175\/revisions\/23267"}],"wp:featuredmedia":[{"embeddable":true,"href":"https:\/\/alquila-piso.es\/it\/wp-json\/wp\/v2\/media\/20986"}],"wp:attachment":[{"href":"https:\/\/alquila-piso.es\/it\/wp-json\/wp\/v2\/media?parent=21175"}],"wp:term":[{"taxonomy":"category","embeddable":true,"href":"https:\/\/alquila-piso.es\/it\/wp-json\/wp\/v2\/categories?post=21175"},{"taxonomy":"post_tag","embeddable":true,"href":"https:\/\/alquila-piso.es\/it\/wp-json\/wp\/v2\/tags?post=21175"}],"curies":[{"name":"wp","href":"https:\/\/api.w.org\/{rel}","templated":true}]}}