{"id":198,"date":"2024-01-28T17:49:45","date_gmt":"2024-01-28T17:49:45","guid":{"rendered":"http:\/\/wpresidence.net\/?p=198"},"modified":"2024-01-28T17:49:45","modified_gmt":"2024-01-28T17:49:45","slug":"seis-razones-por-las-que-el-build-to-rent-es-el-futuro-del-sector-inmobiliario","status":"publish","type":"post","link":"https:\/\/alquila-piso.es\/it\/sei-motivi-per-cui-il-build-to-rent-e-il-futuro-dellimmobiliare\/","title":{"rendered":"Sei motivi per cui il build to rent \u00e8 il futuro dell'immobiliare"},"content":{"rendered":"<p>La met\u00e0 di tutte le case di nuova costruzione acquistate nel 2020 avranno spazi esterni privati, secondo il Profilo degli acquirenti di case nuove 2020 di AEDAS Homes. Questo studio annuale, fortemente segnato dalla pandemia COVID-19, evidenzia una chiara tendenza: gli acquirenti vogliono case con spazi esterni e spazi pi\u00f9 ampi dopo mesi di reclusione.<\/p>\n\n\n\n<div style=\"height:30px\" aria-hidden=\"true\" class=\"wp-block-spacer\"><\/div>\n\n\n\n<figure class=\"wp-block-gallery columns-3 is-cropped wp-block-gallery-1 is-layout-flex wp-block-gallery-is-layout-flex\"><ul class=\"blocks-gallery-grid\"><li class=\"blocks-gallery-item\"><figure><a href=\"https:\/\/esp.wpresidence.net\/wp-content\/uploads\/2021\/06\/interior25.jpg\"><img fetchpriority=\"high\" decoding=\"async\" width=\"800\" height=\"533\" src=\"https:\/\/esp.wpresidence.net\/wp-content\/uploads\/2021\/06\/interior25.jpg\" alt=\"\" data-id=\"18869\" data-full-url=\"https:\/\/esp.wpresidence.net\/wp-content\/uploads\/2021\/06\/interior25.jpg\" data-link=\"https:\/\/esp.wpresidence.net\/propiedades\/piso-en-venta-en-calle-del-doctor-esquerdo\/interior25\/\" class=\"wp-image-18869\" srcset=\"https:\/\/alquila-piso.es\/wp-content\/uploads\/2021\/06\/interior25.jpg 800w, https:\/\/alquila-piso.es\/wp-content\/uploads\/2021\/06\/interior25-300x200.jpg 300w, https:\/\/alquila-piso.es\/wp-content\/uploads\/2021\/06\/interior25-768x512.jpg 768w, https:\/\/alquila-piso.es\/wp-content\/uploads\/2021\/06\/interior25-105x70.jpg 105w\" sizes=\"(max-width: 800px) 100vw, 800px\" \/><\/a><\/figure><\/li><li class=\"blocks-gallery-item\"><figure><a href=\"https:\/\/esp.wpresidence.net\/wp-content\/uploads\/2021\/06\/book_small.jpg\"><img decoding=\"async\" width=\"800\" height=\"500\" src=\"https:\/\/esp.wpresidence.net\/wp-content\/uploads\/2021\/06\/book_small.jpg\" alt=\"\" data-id=\"18868\" data-full-url=\"https:\/\/esp.wpresidence.net\/wp-content\/uploads\/2021\/06\/book_small.jpg\" data-link=\"https:\/\/esp.wpresidence.net\/propiedades\/alquiler-de-piso-en-calle-milaneses\/book_small\/\" class=\"wp-image-18868\" srcset=\"https:\/\/alquila-piso.es\/wp-content\/uploads\/2021\/06\/book_small.jpg 800w, https:\/\/alquila-piso.es\/wp-content\/uploads\/2021\/06\/book_small-300x188.jpg 300w, https:\/\/alquila-piso.es\/wp-content\/uploads\/2021\/06\/book_small-768x480.jpg 768w, https:\/\/alquila-piso.es\/wp-content\/uploads\/2021\/06\/book_small-525x328.jpg 525w\" sizes=\"(max-width: 800px) 100vw, 800px\" \/><\/a><\/figure><\/li><li class=\"blocks-gallery-item\"><figure><a href=\"https:\/\/esp.wpresidence.net\/wp-content\/uploads\/2021\/06\/white_0.jpg\"><img decoding=\"async\" width=\"1024\" height=\"627\" src=\"https:\/\/esp.wpresidence.net\/wp-content\/uploads\/2021\/06\/white_0-1024x627.jpg\" alt=\"\" data-id=\"18867\" data-full-url=\"https:\/\/esp.wpresidence.net\/wp-content\/uploads\/2021\/06\/white_0.jpg\" data-link=\"https:\/\/esp.wpresidence.net\/propiedades\/alquiler-de-piso-en-calle-milaneses\/white_0\/\" class=\"wp-image-18867\" srcset=\"https:\/\/alquila-piso.es\/wp-content\/uploads\/2021\/06\/white_0-1024x627.jpg 1024w, https:\/\/alquila-piso.es\/wp-content\/uploads\/2021\/06\/white_0-300x184.jpg 300w, https:\/\/alquila-piso.es\/wp-content\/uploads\/2021\/06\/white_0-768x470.jpg 768w, https:\/\/alquila-piso.es\/wp-content\/uploads\/2021\/06\/white_0-1536x941.jpg 1536w, https:\/\/alquila-piso.es\/wp-content\/uploads\/2021\/06\/white_0.jpg 1600w\" sizes=\"(max-width: 1024px) 100vw, 1024px\" \/><\/a><\/figure><\/li><li class=\"blocks-gallery-item\"><figure><a href=\"https:\/\/esp.wpresidence.net\/wp-content\/uploads\/2021\/06\/prop2-1.jpg\"><img loading=\"lazy\" decoding=\"async\" width=\"800\" height=\"533\" src=\"https:\/\/esp.wpresidence.net\/wp-content\/uploads\/2021\/06\/prop2-1.jpg\" alt=\"\" data-id=\"18866\" data-full-url=\"https:\/\/esp.wpresidence.net\/wp-content\/uploads\/2021\/06\/prop2-1.jpg\" data-link=\"https:\/\/esp.wpresidence.net\/propiedades\/alquiler-de-piso-en-calle-milaneses\/prop2-2\/\" class=\"wp-image-18866\" srcset=\"https:\/\/alquila-piso.es\/wp-content\/uploads\/2021\/06\/prop2-1.jpg 800w, https:\/\/alquila-piso.es\/wp-content\/uploads\/2021\/06\/prop2-1-300x200.jpg 300w, https:\/\/alquila-piso.es\/wp-content\/uploads\/2021\/06\/prop2-1-768x512.jpg 768w, https:\/\/alquila-piso.es\/wp-content\/uploads\/2021\/06\/prop2-1-105x70.jpg 105w\" sizes=\"(max-width: 800px) 100vw, 800px\" \/><\/a><\/figure><\/li><li class=\"blocks-gallery-item\"><figure><a href=\"https:\/\/esp.wpresidence.net\/wp-content\/uploads\/2021\/06\/prop.jpg\"><img loading=\"lazy\" decoding=\"async\" width=\"800\" height=\"533\" src=\"https:\/\/esp.wpresidence.net\/wp-content\/uploads\/2021\/06\/prop.jpg\" alt=\"\" data-id=\"18865\" data-full-url=\"https:\/\/esp.wpresidence.net\/wp-content\/uploads\/2021\/06\/prop.jpg\" data-link=\"https:\/\/esp.wpresidence.net\/propiedades\/alquiler-de-piso-en-calle-milaneses\/prop\/\" class=\"wp-image-18865\" srcset=\"https:\/\/alquila-piso.es\/wp-content\/uploads\/2021\/06\/prop.jpg 800w, https:\/\/alquila-piso.es\/wp-content\/uploads\/2021\/06\/prop-300x200.jpg 300w, https:\/\/alquila-piso.es\/wp-content\/uploads\/2021\/06\/prop-768x512.jpg 768w, https:\/\/alquila-piso.es\/wp-content\/uploads\/2021\/06\/prop-105x70.jpg 105w\" sizes=\"(max-width: 800px) 100vw, 800px\" \/><\/a><\/figure><\/li><\/ul><\/figure>\n\n\n\n<div style=\"height:30px\" aria-hidden=\"true\" class=\"wp-block-spacer\"><\/div>\n\n\n\n<p>Lo studio di AEDAS Homes mostra che durante lo scorso anno 2020, 21,8% dei suoi clienti hanno acquistato un appartamento con terrazza; 11%, attici; 10,7%, case indipendenti; e 6,4%, appartamenti al piano terra con giardino. In totale, quasi 50% di acquirenti hanno optato per case con spazi esterni, una qualit\u00e0 delle case AEDAS Homes che \u00e8 diventata una priorit\u00e0 nel mercato. Questa percentuale \u00e8 superiore di quasi tre punti rispetto al 2019 (47%).<\/p>\n\n\n\n<p>Inoltre, gli acquirenti hanno optato per case con pi\u00f9 stanze. Il rapporto mostra che molti di coloro che prima possedevano una casa con una o due camere da letto (la cosiddetta domanda di sostituzione) ora preferiscono case con pi\u00f9 stanze. Le vendite di AEDAS Homes mostrano che 77% delle transazioni chiuse nel 2020 riguardavano case con tre o pi\u00f9 camere da letto, sei punti in pi\u00f9 rispetto al 2019.<\/p>","protected":false},"excerpt":{"rendered":"<p>La mitad de las viviendas de obra nueva que se compraron durante el pasado a\u00f1o 2020 disfrutan de espacios privados al aire libre, seg\u00fan el \u2018Perfil del Comprador de Vivienda de Obra Nueva 2020\u2019 de AEDAS Homes. Este estudio anual, muy marcado por la pandemia de la COVID-19, pone de manifiesto una tendencia evidente: los [&hellip;]<\/p>\n","protected":false},"author":1,"featured_media":18824,"comment_status":"open","ping_status":"open","sticky":false,"template":"","format":"standard","meta":{"footnotes":""},"categories":[87,88,89,90],"tags":[91,92],"class_list":["post-198","post","type-post","status-publish","format-standard","has-post-thumbnail","hentry","category-bienes-raices","category-compra-de-propiedades","category-localizacion-de-alquileres","category-precio-de-alquileres","tag-immobiliaria","tag-precio"],"_links":{"self":[{"href":"https:\/\/alquila-piso.es\/it\/wp-json\/wp\/v2\/posts\/198","targetHints":{"allow":["GET"]}}],"collection":[{"href":"https:\/\/alquila-piso.es\/it\/wp-json\/wp\/v2\/posts"}],"about":[{"href":"https:\/\/alquila-piso.es\/it\/wp-json\/wp\/v2\/types\/post"}],"author":[{"embeddable":true,"href":"https:\/\/alquila-piso.es\/it\/wp-json\/wp\/v2\/users\/1"}],"replies":[{"embeddable":true,"href":"https:\/\/alquila-piso.es\/it\/wp-json\/wp\/v2\/comments?post=198"}],"version-history":[{"count":1,"href":"https:\/\/alquila-piso.es\/it\/wp-json\/wp\/v2\/posts\/198\/revisions"}],"predecessor-version":[{"id":24762,"href":"https:\/\/alquila-piso.es\/it\/wp-json\/wp\/v2\/posts\/198\/revisions\/24762"}],"wp:featuredmedia":[{"embeddable":true,"href":"https:\/\/alquila-piso.es\/it\/wp-json\/wp\/v2\/media\/18824"}],"wp:attachment":[{"href":"https:\/\/alquila-piso.es\/it\/wp-json\/wp\/v2\/media?parent=198"}],"wp:term":[{"taxonomy":"category","embeddable":true,"href":"https:\/\/alquila-piso.es\/it\/wp-json\/wp\/v2\/categories?post=198"},{"taxonomy":"post_tag","embeddable":true,"href":"https:\/\/alquila-piso.es\/it\/wp-json\/wp\/v2\/tags?post=198"}],"curies":[{"name":"wp","href":"https:\/\/api.w.org\/{rel}","templated":true}]}}