{"id":32213,"date":"2026-04-27T10:30:17","date_gmt":"2026-04-27T10:30:17","guid":{"rendered":"https:\/\/alquila-piso.es\/peritaje-naval-en-menorca-proptrust-marine-mahon-y-ciudadela\/"},"modified":"2026-04-27T10:30:17","modified_gmt":"2026-04-27T10:30:17","slug":"peritaje-naval-en-menorca-proptrust-marine-mahon-y-ciudadela","status":"publish","type":"post","link":"https:\/\/alquila-piso.es\/fr\/peritaje-naval-en-menorca-proptrust-marine-mahon-y-ciudadela\/","title":{"rendered":"Peritaje Naval en Menorca | PropTrust Marine\u2122 | Mah\u00f3n y Ciudadela"},"content":{"rendered":"<p> <br \/>\n<\/p>\n<div>\n<h2>Cobertura Total en Menorca<\/h2>\n<p>Nos desplazamos a cualquier puerto, cala o fondeadero de Menorca. Desde el impresionante Puerto de Mah\u00f3n hasta las calas v\u00edrgenes del norte. Somos tu perito naval de confianza en la Reserva de la Biosfera.<\/p>\n<ul class=\"coverage-list\">\n<li><strong>Este (Mah\u00f3n):<\/strong> Puerto de Mah\u00f3n, Cala Figuera, Es Castell, Sant Llu\u00eds<\/li>\n<li><strong>Oeste (Ciudadela):<\/strong> Puerto de Ciudadela, Cala Galdana, Son Xoriguer<\/li>\n<li><strong>Norte:<\/strong> Fornells, Addaia, Cala Pregonda, Cala Turqueta<\/li>\n<li><strong>Sur:<\/strong> Cala en Porter, Binibeca, Son Bou, Punta Prima<\/li>\n<\/ul>\n<p>      <a href=\"#contacto\" class=\"btn btn-primary\" style=\"background: white; color: var(--color-navy-base);\"><br \/>\n        Consultar Disponibilidad<br \/>\n      <\/a>\n    <\/div>\n<p><br \/>\n<br \/><a href=\"https:\/\/proptrustverified.com\/en\/peritaje-naval-en-menorca-proptrust-marine-mahon-y-ciudadela\/\">Lien source <\/a><\/p>","protected":false},"excerpt":{"rendered":"<p>Cobertura Total en Menorca Nos desplazamos a cualquier puerto, cala o fondeadero de Menorca. Desde el impresionante Puerto de Mah\u00f3n hasta las calas v\u00edrgenes del norte. Somos tu perito naval de confianza en la Reserva de la Biosfera. Este (Mah\u00f3n): Puerto de Mah\u00f3n, Cala Figuera, Es Castell, Sant Llu\u00eds Oeste (Ciudadela): Puerto de Ciudadela, Cala [&hellip;]<\/p>\n","protected":false},"author":1,"featured_media":32201,"comment_status":"open","ping_status":"open","sticky":false,"template":"","format":"standard","meta":{"footnotes":""},"categories":[21],"tags":[],"class_list":["post-32213","post","type-post","status-publish","format-standard","has-post-thumbnail","hentry","category-real-estate"],"_links":{"self":[{"href":"https:\/\/alquila-piso.es\/fr\/wp-json\/wp\/v2\/posts\/32213","targetHints":{"allow":["GET"]}}],"collection":[{"href":"https:\/\/alquila-piso.es\/fr\/wp-json\/wp\/v2\/posts"}],"about":[{"href":"https:\/\/alquila-piso.es\/fr\/wp-json\/wp\/v2\/types\/post"}],"author":[{"embeddable":true,"href":"https:\/\/alquila-piso.es\/fr\/wp-json\/wp\/v2\/users\/1"}],"replies":[{"embeddable":true,"href":"https:\/\/alquila-piso.es\/fr\/wp-json\/wp\/v2\/comments?post=32213"}],"version-history":[{"count":0,"href":"https:\/\/alquila-piso.es\/fr\/wp-json\/wp\/v2\/posts\/32213\/revisions"}],"wp:featuredmedia":[{"embeddable":true,"href":"https:\/\/alquila-piso.es\/fr\/wp-json\/wp\/v2\/media\/32201"}],"wp:attachment":[{"href":"https:\/\/alquila-piso.es\/fr\/wp-json\/wp\/v2\/media?parent=32213"}],"wp:term":[{"taxonomy":"category","embeddable":true,"href":"https:\/\/alquila-piso.es\/fr\/wp-json\/wp\/v2\/categories?post=32213"},{"taxonomy":"post_tag","embeddable":true,"href":"https:\/\/alquila-piso.es\/fr\/wp-json\/wp\/v2\/tags?post=32213"}],"curies":[{"name":"wp","href":"https:\/\/api.w.org\/{rel}","templated":true}]}}