{"id":31757,"date":"2025-04-23T10:53:01","date_gmt":"2025-04-23T10:53:01","guid":{"rendered":"https:\/\/alquila-piso.es\/ambitos-de-trabajo\/"},"modified":"2025-04-23T10:53:01","modified_gmt":"2025-04-23T10:53:01","slug":"ambitos-de-trabajo","status":"publish","type":"post","link":"https:\/\/alquila-piso.es\/fr\/ambitos-de-trabajo\/","title":{"rendered":"Ambitos de Trabajo"},"content":{"rendered":"<p> <br \/>\n<br \/>Obras Generales Fachadas Eficiencia Energ\u00e9tica Accesibilidad Instalaciones Humedades y Goteras Zonas Comunes Techos y Cubiertas Seguridad Financiaci\u00f3n y Subvenciones Proceso y Gesti\u00f3n Locales Problemas Espec\u00edficos Valor Agregado<\/p>\n<p><a href=\"https:\/\/rehabilitaciones-tamarit.es\/ambitos-de-trabajo\/\" rel=\"nofollow\">Origine<\/a><\/p>\n<p><br \/>\n<br \/><a href=\"https:\/\/rehabilitaciones-tamarit.es\/ambitos-de-trabajo\/\">Lien source <\/a><\/p>","protected":false},"excerpt":{"rendered":"<p>Obras Generales Fachadas Eficiencia Energ\u00e9tica Accesibilidad Instalaciones Humedades y Goteras Zonas Comunes Techos y Cubiertas Seguridad Financiaci\u00f3n y Subvenciones Proceso y Gesti\u00f3n Locales Problemas Espec\u00edficos Valor Agregado Origen Source link<\/p>","protected":false},"author":1,"featured_media":31758,"comment_status":"open","ping_status":"open","sticky":false,"template":"","format":"standard","meta":{"footnotes":""},"categories":[150],"tags":[],"class_list":["post-31757","post","type-post","status-publish","format-standard","has-post-thumbnail","hentry","category-uncategorized"],"_links":{"self":[{"href":"https:\/\/alquila-piso.es\/fr\/wp-json\/wp\/v2\/posts\/31757","targetHints":{"allow":["GET"]}}],"collection":[{"href":"https:\/\/alquila-piso.es\/fr\/wp-json\/wp\/v2\/posts"}],"about":[{"href":"https:\/\/alquila-piso.es\/fr\/wp-json\/wp\/v2\/types\/post"}],"author":[{"embeddable":true,"href":"https:\/\/alquila-piso.es\/fr\/wp-json\/wp\/v2\/users\/1"}],"replies":[{"embeddable":true,"href":"https:\/\/alquila-piso.es\/fr\/wp-json\/wp\/v2\/comments?post=31757"}],"version-history":[{"count":0,"href":"https:\/\/alquila-piso.es\/fr\/wp-json\/wp\/v2\/posts\/31757\/revisions"}],"wp:featuredmedia":[{"embeddable":true,"href":"https:\/\/alquila-piso.es\/fr\/wp-json\/wp\/v2\/media\/31758"}],"wp:attachment":[{"href":"https:\/\/alquila-piso.es\/fr\/wp-json\/wp\/v2\/media?parent=31757"}],"wp:term":[{"taxonomy":"category","embeddable":true,"href":"https:\/\/alquila-piso.es\/fr\/wp-json\/wp\/v2\/categories?post=31757"},{"taxonomy":"post_tag","embeddable":true,"href":"https:\/\/alquila-piso.es\/fr\/wp-json\/wp\/v2\/tags?post=31757"}],"curies":[{"name":"wp","href":"https:\/\/api.w.org\/{rel}","templated":true}]}}