{"id":21761,"date":"2023-12-03T15:32:03","date_gmt":"2023-12-03T15:32:03","guid":{"rendered":"https:\/\/alquila-piso.es\/?p=21761"},"modified":"2024-01-18T08:24:52","modified_gmt":"2024-01-18T08:24:52","slug":"quien-paga-la-reparacion-de-la-vivienda-en-alquiler","status":"publish","type":"post","link":"https:\/\/alquila-piso.es\/fr\/qui-paie-les-reparations-du-logement-loue\/","title":{"rendered":"Qui prend en charge les r\u00e9parations des logements lou\u00e9s ?"},"content":{"rendered":"<p>Dans la plupart des contrats de location, les r\u00e9parations et l'entretien sont g\u00e9n\u00e9ralement \u00e0 la charge du bailleur ou du propri\u00e9taire. Toutefois, les r\u00e9parations caus\u00e9es par une mauvaise utilisation de la part du locataire sont g\u00e9n\u00e9ralement \u00e0 la charge de ce dernier. Il est conseill\u00e9 de v\u00e9rifier le contrat de location sp\u00e9cifique pour obtenir des informations d\u00e9taill\u00e9es sur la responsabilit\u00e9 des r\u00e9parations dans votre cas particulier.<\/p>\n<p>&nbsp;<\/p>\n<h3><a href=\"https:\/\/alquila-piso.es\/fr\/contact-2\/\">Contactez-nous \u00e0 l'adresse suivante<\/a><\/h3>","protected":false},"excerpt":{"rendered":"<p>Seg\u00fan lo establecido en la mayor\u00eda de los contratos de alquiler, las reparaciones y el mantenimiento generalmente son responsabilidad del propietario o arrendador de la vivienda. Sin embargo, las reparaciones causadas por un mal uso por parte del inquilino generalmente son responsabilidad del mismo. Es recomendable revisar el contrato de alquiler espec\u00edfico para obtener informaci\u00f3n [&hellip;]<\/p>\n","protected":false},"author":1,"featured_media":21756,"comment_status":"open","ping_status":"open","sticky":false,"template":"","format":"standard","meta":{"footnotes":""},"categories":[1],"tags":[],"class_list":["post-21761","post","type-post","status-publish","format-standard","has-post-thumbnail","hentry","category-alquilar-mi-piso"],"_links":{"self":[{"href":"https:\/\/alquila-piso.es\/fr\/wp-json\/wp\/v2\/posts\/21761","targetHints":{"allow":["GET"]}}],"collection":[{"href":"https:\/\/alquila-piso.es\/fr\/wp-json\/wp\/v2\/posts"}],"about":[{"href":"https:\/\/alquila-piso.es\/fr\/wp-json\/wp\/v2\/types\/post"}],"author":[{"embeddable":true,"href":"https:\/\/alquila-piso.es\/fr\/wp-json\/wp\/v2\/users\/1"}],"replies":[{"embeddable":true,"href":"https:\/\/alquila-piso.es\/fr\/wp-json\/wp\/v2\/comments?post=21761"}],"version-history":[{"count":1,"href":"https:\/\/alquila-piso.es\/fr\/wp-json\/wp\/v2\/posts\/21761\/revisions"}],"predecessor-version":[{"id":21762,"href":"https:\/\/alquila-piso.es\/fr\/wp-json\/wp\/v2\/posts\/21761\/revisions\/21762"}],"wp:featuredmedia":[{"embeddable":true,"href":"https:\/\/alquila-piso.es\/fr\/wp-json\/wp\/v2\/media\/21756"}],"wp:attachment":[{"href":"https:\/\/alquila-piso.es\/fr\/wp-json\/wp\/v2\/media?parent=21761"}],"wp:term":[{"taxonomy":"category","embeddable":true,"href":"https:\/\/alquila-piso.es\/fr\/wp-json\/wp\/v2\/categories?post=21761"},{"taxonomy":"post_tag","embeddable":true,"href":"https:\/\/alquila-piso.es\/fr\/wp-json\/wp\/v2\/tags?post=21761"}],"curies":[{"name":"wp","href":"https:\/\/api.w.org\/{rel}","templated":true}]}}