{"id":20559,"date":"2023-11-04T16:23:52","date_gmt":"2023-11-04T16:23:52","guid":{"rendered":"https:\/\/alquila-piso.es\/?p=20559"},"modified":"2024-01-09T18:12:14","modified_gmt":"2024-01-09T18:12:14","slug":"previsiones-de-los-alquileres-en-espana","status":"publish","type":"post","link":"https:\/\/alquila-piso.es\/fr\/previsions-de-location-en-espagne\/","title":{"rendered":"Pr\u00e9visions de location en Espagne"},"content":{"rendered":"<p>Les pr\u00e9visions de loyers en Espagne peuvent d\u00e9pendre d'un certain nombre de facteurs, tels que la situation \u00e9conomique, les politiques gouvernementales et l'offre et la demande sur le march\u00e9 de l'immobilier. Voici quelques tendances et pr\u00e9visions approximatives concernant les loyers en Espagne :<\/p>\n<p>&nbsp;<\/p>\n<p>1) Augmentation des prix : D'une mani\u00e8re g\u00e9n\u00e9rale, on s'attend \u00e0 ce que les prix des <a class=\"wpil_keyword_link\" href=\"https:\/\/alquila-piso.es\/fr\/property-submit-front\/\"   title=\"location\" data-wpil-keyword-link=\"linked\">location<\/a> continuent d'augmenter en Espagne en raison de la demande croissante de logements locatifs et de la p\u00e9nurie d'offres dans certaines zones urbaines populaires.<\/p>\n<p>&nbsp;<\/p>\n<p>2. Contr\u00f4le du march\u00e9 locatif : En raison de la situation actuelle et des difficult\u00e9s \u00e9conomiques li\u00e9es \u00e0 la pand\u00e9mie de COVID-19, la mise en \u0153uvre de mesures visant \u00e0 contr\u00f4ler les prix des loyers a \u00e9t\u00e9 envisag\u00e9e dans certaines villes et communaut\u00e9s autonomes d'Espagne. Cependant, il est important de garder \u00e0 l'esprit que ces mesures peuvent varier et ne pas \u00eatre pr\u00e9sentes dans toutes les r\u00e9gions.<\/p>\n<p>&nbsp;<\/p>\n<p>3) Augmentation de la demande dans les zones urbaines et c\u00f4ti\u00e8res : la demande locative dans les zones urbaines et c\u00f4ti\u00e8res devrait rester \u00e9lev\u00e9e, car il s'agit de destinations populaires pour vivre et travailler. Cela pourrait entra\u00eener une hausse des prix dans ces zones.<\/p>\n<p>&nbsp;<\/p>\n<p>4. Augmentation de l'offre dans les zones rurales : comme de plus en plus de personnes choisissent de vivre dans des zones rurales ou de travailler \u00e0 distance, il est probable qu'il y aura une augmentation de l'offre de <a href=\"https:\/\/alquila-piso.es\/fr\/qui-paie-les-reparations-du-logement-loue\/\">location d'appartements<\/a> dans ces zones. Cela pourrait entra\u00eener une concurrence accrue entre les propri\u00e9taires et, \u00e0 terme, avoir un impact sur les prix des loyers.<\/p>\n<p>&nbsp;<\/p>\n<p>Ces pr\u00e9visions sont g\u00e9n\u00e9rales et peuvent varier en fonction de la situation \u00e9conomique et des politiques sp\u00e9cifiques de chaque r\u00e9gion d'Espagne. Il est conseill\u00e9 de consulter des sources sp\u00e9cialis\u00e9es sur le march\u00e9 de l'immobilier ou de s'adresser \u00e0 des experts de la r\u00e9gion qui vous int\u00e9resse pour obtenir des pr\u00e9visions plus pr\u00e9cises et actualis\u00e9es.<\/p>","protected":false},"excerpt":{"rendered":"<p>Las previsiones de alquileres en Espa\u00f1a pueden depender de diversos factores, como la situaci\u00f3n econ\u00f3mica, las pol\u00edticas gubernamentales y la oferta y demanda en el mercado inmobiliario. A continuaci\u00f3n, te presento algunas tendencias y previsiones aproximadas para los alquileres en Espa\u00f1a: &nbsp; 1. Aumento de los precios: En general, se espera que los precios de [&hellip;]<\/p>\n","protected":false},"author":1,"featured_media":20413,"comment_status":"open","ping_status":"open","sticky":false,"template":"","format":"standard","meta":{"footnotes":""},"categories":[22],"tags":[],"class_list":["post-20559","post","type-post","status-publish","format-standard","has-post-thumbnail","hentry","category-alquilar-piso"],"_links":{"self":[{"href":"https:\/\/alquila-piso.es\/fr\/wp-json\/wp\/v2\/posts\/20559","targetHints":{"allow":["GET"]}}],"collection":[{"href":"https:\/\/alquila-piso.es\/fr\/wp-json\/wp\/v2\/posts"}],"about":[{"href":"https:\/\/alquila-piso.es\/fr\/wp-json\/wp\/v2\/types\/post"}],"author":[{"embeddable":true,"href":"https:\/\/alquila-piso.es\/fr\/wp-json\/wp\/v2\/users\/1"}],"replies":[{"embeddable":true,"href":"https:\/\/alquila-piso.es\/fr\/wp-json\/wp\/v2\/comments?post=20559"}],"version-history":[{"count":3,"href":"https:\/\/alquila-piso.es\/fr\/wp-json\/wp\/v2\/posts\/20559\/revisions"}],"predecessor-version":[{"id":23187,"href":"https:\/\/alquila-piso.es\/fr\/wp-json\/wp\/v2\/posts\/20559\/revisions\/23187"}],"wp:featuredmedia":[{"embeddable":true,"href":"https:\/\/alquila-piso.es\/fr\/wp-json\/wp\/v2\/media\/20413"}],"wp:attachment":[{"href":"https:\/\/alquila-piso.es\/fr\/wp-json\/wp\/v2\/media?parent=20559"}],"wp:term":[{"taxonomy":"category","embeddable":true,"href":"https:\/\/alquila-piso.es\/fr\/wp-json\/wp\/v2\/categories?post=20559"},{"taxonomy":"post_tag","embeddable":true,"href":"https:\/\/alquila-piso.es\/fr\/wp-json\/wp\/v2\/tags?post=20559"}],"curies":[{"name":"wp","href":"https:\/\/api.w.org\/{rel}","templated":true}]}}