{"id":31495,"date":"2024-12-04T07:37:39","date_gmt":"2024-12-04T07:37:39","guid":{"rendered":"https:\/\/alquila-piso.es\/impermeabilizqacion-de-sotanos-y-garajes-en-valencia\/"},"modified":"2024-12-04T07:37:39","modified_gmt":"2024-12-04T07:37:39","slug":"impermeabilizqacion-de-sotanos-y-garajes-en-valencia","status":"publish","type":"post","link":"https:\/\/alquila-piso.es\/es_es\/impermeabilizqacion-de-sotanos-y-garajes-en-valencia\/","title":{"rendered":"Impermeabilizqacion de sotanos y garajes en Valencia"},"content":{"rendered":"<p> <br \/>\n<br \/>La impermeabilizaci\u00f3n de s\u00f3tanos es esencial para prevenir problemas de humedad y filtraciones en espacios subterr\u00e1neos. La humedad en los s\u00f3tanos puede causar da\u00f1os estructurales, deteriorar la calidad del aire y fomentar el crecimiento de moho. Aqu\u00ed hay algunas estrategias clave para impermeabilizar s\u00f3tanos de manera efectiva:<\/p>\n<p><a href=\"https:\/\/rehabilitaciones-tamarit.es\/impermeabilizqacion-de-sotanos-y-garajes-en-valencia\/\" rel=\"nofollow\">Origen<\/a><\/p>\n<p><br \/>\n<br \/><a href=\"https:\/\/rehabilitaciones-tamarit.es\/impermeabilizqacion-de-sotanos-y-garajes-en-valencia\/\">Source link <\/a><\/p>\n","protected":false},"excerpt":{"rendered":"<p>La impermeabilizaci\u00f3n de s\u00f3tanos es esencial para prevenir problemas de humedad y filtraciones en espacios subterr\u00e1neos. La humedad en los s\u00f3tanos puede causar da\u00f1os estructurales, deteriorar la calidad del aire y fomentar el crecimiento de moho. Aqu\u00ed hay algunas estrategias clave para impermeabilizar s\u00f3tanos de manera efectiva: Origen Source link<\/p>\n","protected":false},"author":1,"featured_media":31496,"comment_status":"open","ping_status":"open","sticky":false,"template":"","format":"standard","meta":{"footnotes":""},"categories":[150],"tags":[],"class_list":["post-31495","post","type-post","status-publish","format-standard","has-post-thumbnail","hentry","category-uncategorized"],"_links":{"self":[{"href":"https:\/\/alquila-piso.es\/es_es\/wp-json\/wp\/v2\/posts\/31495","targetHints":{"allow":["GET"]}}],"collection":[{"href":"https:\/\/alquila-piso.es\/es_es\/wp-json\/wp\/v2\/posts"}],"about":[{"href":"https:\/\/alquila-piso.es\/es_es\/wp-json\/wp\/v2\/types\/post"}],"author":[{"embeddable":true,"href":"https:\/\/alquila-piso.es\/es_es\/wp-json\/wp\/v2\/users\/1"}],"replies":[{"embeddable":true,"href":"https:\/\/alquila-piso.es\/es_es\/wp-json\/wp\/v2\/comments?post=31495"}],"version-history":[{"count":0,"href":"https:\/\/alquila-piso.es\/es_es\/wp-json\/wp\/v2\/posts\/31495\/revisions"}],"wp:featuredmedia":[{"embeddable":true,"href":"https:\/\/alquila-piso.es\/es_es\/wp-json\/wp\/v2\/media\/31496"}],"wp:attachment":[{"href":"https:\/\/alquila-piso.es\/es_es\/wp-json\/wp\/v2\/media?parent=31495"}],"wp:term":[{"taxonomy":"category","embeddable":true,"href":"https:\/\/alquila-piso.es\/es_es\/wp-json\/wp\/v2\/categories?post=31495"},{"taxonomy":"post_tag","embeddable":true,"href":"https:\/\/alquila-piso.es\/es_es\/wp-json\/wp\/v2\/tags?post=31495"}],"curies":[{"name":"wp","href":"https:\/\/api.w.org\/{rel}","templated":true}]}}