{"id":21761,"date":"2023-12-03T15:32:03","date_gmt":"2023-12-03T15:32:03","guid":{"rendered":"https:\/\/alquila-piso.es\/?p=21761"},"modified":"2024-01-18T08:24:52","modified_gmt":"2024-01-18T08:24:52","slug":"quien-paga-la-reparacion-de-la-vivienda-en-alquiler","status":"publish","type":"post","link":"https:\/\/alquila-piso.es\/es_es\/quien-paga-la-reparacion-de-la-vivienda-en-alquiler\/","title":{"rendered":"Qui\u00e9n paga la reparaci\u00f3n de la vivienda en alquiler?"},"content":{"rendered":"<p>Seg\u00fan lo establecido en la mayor\u00eda de los contratos de alquiler, las reparaciones y el mantenimiento generalmente son responsabilidad del propietario o arrendador de la vivienda. Sin embargo, las reparaciones causadas por un mal uso por parte del inquilino generalmente son responsabilidad del mismo. Es recomendable revisar el contrato de alquiler espec\u00edfico para obtener informaci\u00f3n detallada sobre qui\u00e9n se hace cargo de las reparaciones en su caso particular.<\/p>\n<p>&nbsp;<\/p>\n<h3><a href=\"https:\/\/alquila-piso.es\/contacto\/\">Cont\u00e1ctanos<\/a><\/h3>\n","protected":false},"excerpt":{"rendered":"<p>Seg\u00fan lo establecido en la mayor\u00eda de los contratos de alquiler, las reparaciones y el mantenimiento generalmente son responsabilidad del propietario o arrendador de la vivienda. Sin embargo, las reparaciones causadas por un mal uso por parte del inquilino generalmente son responsabilidad del mismo. Es recomendable revisar el contrato de alquiler espec\u00edfico para obtener informaci\u00f3n [&hellip;]<\/p>\n","protected":false},"author":1,"featured_media":21756,"comment_status":"open","ping_status":"open","sticky":false,"template":"","format":"standard","meta":{"footnotes":""},"categories":[1],"tags":[],"class_list":["post-21761","post","type-post","status-publish","format-standard","has-post-thumbnail","hentry","category-alquilar-mi-piso"],"_links":{"self":[{"href":"https:\/\/alquila-piso.es\/es_es\/wp-json\/wp\/v2\/posts\/21761","targetHints":{"allow":["GET"]}}],"collection":[{"href":"https:\/\/alquila-piso.es\/es_es\/wp-json\/wp\/v2\/posts"}],"about":[{"href":"https:\/\/alquila-piso.es\/es_es\/wp-json\/wp\/v2\/types\/post"}],"author":[{"embeddable":true,"href":"https:\/\/alquila-piso.es\/es_es\/wp-json\/wp\/v2\/users\/1"}],"replies":[{"embeddable":true,"href":"https:\/\/alquila-piso.es\/es_es\/wp-json\/wp\/v2\/comments?post=21761"}],"version-history":[{"count":1,"href":"https:\/\/alquila-piso.es\/es_es\/wp-json\/wp\/v2\/posts\/21761\/revisions"}],"predecessor-version":[{"id":21762,"href":"https:\/\/alquila-piso.es\/es_es\/wp-json\/wp\/v2\/posts\/21761\/revisions\/21762"}],"wp:featuredmedia":[{"embeddable":true,"href":"https:\/\/alquila-piso.es\/es_es\/wp-json\/wp\/v2\/media\/21756"}],"wp:attachment":[{"href":"https:\/\/alquila-piso.es\/es_es\/wp-json\/wp\/v2\/media?parent=21761"}],"wp:term":[{"taxonomy":"category","embeddable":true,"href":"https:\/\/alquila-piso.es\/es_es\/wp-json\/wp\/v2\/categories?post=21761"},{"taxonomy":"post_tag","embeddable":true,"href":"https:\/\/alquila-piso.es\/es_es\/wp-json\/wp\/v2\/tags?post=21761"}],"curies":[{"name":"wp","href":"https:\/\/api.w.org\/{rel}","templated":true}]}}