{"id":20559,"date":"2023-11-04T16:23:52","date_gmt":"2023-11-04T16:23:52","guid":{"rendered":"https:\/\/alquila-piso.es\/?p=20559"},"modified":"2024-01-09T18:12:14","modified_gmt":"2024-01-09T18:12:14","slug":"previsiones-de-los-alquileres-en-espana","status":"publish","type":"post","link":"https:\/\/alquila-piso.es\/es_es\/previsiones-de-los-alquileres-en-espana\/","title":{"rendered":"Previsiones de los alquileres en Espa\u00f1a"},"content":{"rendered":"<p>Las previsiones de alquileres en Espa\u00f1a pueden depender de diversos factores, como la situaci\u00f3n econ\u00f3mica, las pol\u00edticas gubernamentales y la oferta y demanda en el mercado inmobiliario. A continuaci\u00f3n, te presento algunas tendencias y previsiones aproximadas para los alquileres en Espa\u00f1a:<\/p>\n<p>&nbsp;<\/p>\n<p>1. Aumento de los precios: En general, se espera que los precios de <a class=\"wpil_keyword_link\" href=\"https:\/\/alquila-piso.es\/es_es\/property-submit-front\/\"   title=\"alquiler\" data-wpil-keyword-link=\"linked\">alquiler<\/a> contin\u00faen aumentando en Espa\u00f1a debido a la creciente demanda de viviendas de alquiler y a la escasez de oferta en algunas zonas urbanas populares.<\/p>\n<p>&nbsp;<\/p>\n<p>2. Control del mercado de alquileres: A ra\u00edz de la situaci\u00f3n actual y las dificultades econ\u00f3micas derivadas de la pandemia de COVID-19, se ha planteado la implementaci\u00f3n de medidas de control de los precios de alquiler en algunas ciudades y comunidades aut\u00f3nomas de Espa\u00f1a. Sin embargo, es importante tener en cuenta que estas medidas pueden variar y no estar presentes en todas las \u00e1reas.<\/p>\n<p>&nbsp;<\/p>\n<p>3. Mayor demanda en \u00e1reas urbanas y costeras: Se espera que la demanda de alquileres en \u00e1reas urbanas y costeras siga siendo alta, ya que son destinos populares para vivir y trabajar. Esto puede conducir a precios m\u00e1s altos en estas \u00e1reas.<\/p>\n<p>&nbsp;<\/p>\n<p>4. Mayor oferta en \u00e1reas rurales: A medida que m\u00e1s personas optan por vivir en \u00e1reas rurales o trabajar de forma remota, es posible que se incremente la oferta de <a href=\"https:\/\/alquila-piso.es\/quien-paga-la-reparacion-de-la-vivienda-en-alquiler\/\">viviendas de alquiler<\/a> en estas zonas. Esto podr\u00eda generar una mayor competencia entre los propietarios y, eventualmente, tener un impacto en los precios de alquiler.<\/p>\n<p>&nbsp;<\/p>\n<p>Estas previsiones son generales y pueden variar seg\u00fan la situaci\u00f3n econ\u00f3mica y las pol\u00edticas espec\u00edficas de cada regi\u00f3n en Espa\u00f1a. Es recomendable consultar fuentes especializadas en el mercado inmobiliario o hablar con expertos en el \u00e1rea en la que est\u00e9s interesado para obtener previsiones m\u00e1s espec\u00edficas y actualizadas.<\/p>\n","protected":false},"excerpt":{"rendered":"<p>Las previsiones de alquileres en Espa\u00f1a pueden depender de diversos factores, como la situaci\u00f3n econ\u00f3mica, las pol\u00edticas gubernamentales y la oferta y demanda en el mercado inmobiliario. A continuaci\u00f3n, te presento algunas tendencias y previsiones aproximadas para los alquileres en Espa\u00f1a: &nbsp; 1. Aumento de los precios: En general, se espera que los precios de [&hellip;]<\/p>\n","protected":false},"author":1,"featured_media":20413,"comment_status":"open","ping_status":"open","sticky":false,"template":"","format":"standard","meta":{"footnotes":""},"categories":[22],"tags":[],"class_list":["post-20559","post","type-post","status-publish","format-standard","has-post-thumbnail","hentry","category-alquilar-piso"],"_links":{"self":[{"href":"https:\/\/alquila-piso.es\/es_es\/wp-json\/wp\/v2\/posts\/20559","targetHints":{"allow":["GET"]}}],"collection":[{"href":"https:\/\/alquila-piso.es\/es_es\/wp-json\/wp\/v2\/posts"}],"about":[{"href":"https:\/\/alquila-piso.es\/es_es\/wp-json\/wp\/v2\/types\/post"}],"author":[{"embeddable":true,"href":"https:\/\/alquila-piso.es\/es_es\/wp-json\/wp\/v2\/users\/1"}],"replies":[{"embeddable":true,"href":"https:\/\/alquila-piso.es\/es_es\/wp-json\/wp\/v2\/comments?post=20559"}],"version-history":[{"count":3,"href":"https:\/\/alquila-piso.es\/es_es\/wp-json\/wp\/v2\/posts\/20559\/revisions"}],"predecessor-version":[{"id":23187,"href":"https:\/\/alquila-piso.es\/es_es\/wp-json\/wp\/v2\/posts\/20559\/revisions\/23187"}],"wp:featuredmedia":[{"embeddable":true,"href":"https:\/\/alquila-piso.es\/es_es\/wp-json\/wp\/v2\/media\/20413"}],"wp:attachment":[{"href":"https:\/\/alquila-piso.es\/es_es\/wp-json\/wp\/v2\/media?parent=20559"}],"wp:term":[{"taxonomy":"category","embeddable":true,"href":"https:\/\/alquila-piso.es\/es_es\/wp-json\/wp\/v2\/categories?post=20559"},{"taxonomy":"post_tag","embeddable":true,"href":"https:\/\/alquila-piso.es\/es_es\/wp-json\/wp\/v2\/tags?post=20559"}],"curies":[{"name":"wp","href":"https:\/\/api.w.org\/{rel}","templated":true}]}}