{"id":31516,"date":"2024-12-04T17:57:14","date_gmt":"2024-12-04T17:57:14","guid":{"rendered":"https:\/\/alquila-piso.es\/la-rehabilitacion-de-edificios-contribuye-a-la-creacion-de-espacios-mas-saludables-y-habitables\/"},"modified":"2024-12-04T17:57:14","modified_gmt":"2024-12-04T17:57:14","slug":"la-rehabilitacion-de-edificios-contribuye-a-la-creacion-de-espacios-mas-saludables-y-habitables","status":"publish","type":"post","link":"https:\/\/alquila-piso.es\/en\/la-rehabilitacion-de-edificios-contribuye-a-la-creacion-de-espacios-mas-saludables-y-habitables\/","title":{"rendered":"La rehabilitaci\u00f3n de edificios contribuye a la creaci\u00f3n de espacios m\u00e1s saludables y habitables."},"content":{"rendered":"<p> <br \/>\n<\/p>\n<div data-ast-blocks-layout=\"true\">\n<p>The <a href=\"https:\/\/rehabilitaciones-tamarit.es\/rehabilitacion-de-edificios-y-viviendas-en-valencia\/\">building renovation<\/a> no solo busca mejorar la apariencia est\u00e9tica y la funcionalidad de las estructuras, sino que tambi\u00e9n puede tener un impacto significativo en la creaci\u00f3n de espacios m\u00e1s saludables y habitables. Aqu\u00ed se examinan varios aspectos en los que la rehabilitaci\u00f3n contribuye a este objetivo:<\/p>\n<ol class=\"wp-block-list\">\n<li><strong>Mejora de la Calidad del Aire Interior:<\/strong>\n<ul class=\"wp-block-list\">\n<li>La actualizaci\u00f3n de sistemas de ventilaci\u00f3n y la incorporaci\u00f3n de tecnolog\u00edas que controlan la calidad del aire interior durante la rehabilitaci\u00f3n pueden reducir la concentraci\u00f3n de contaminantes y mejorar la salud respiratoria de los ocupantes.<\/li>\n<\/ul>\n<\/li>\n<li><strong>Aislamiento T\u00e9rmico y Eficiencia Energ\u00e9tica:<\/strong>\n<ul class=\"wp-block-list\">\n<li>La rehabilitaci\u00f3n puede incluir la instalaci\u00f3n de aislamiento t\u00e9rmico, ventanas eficientes y otros elementos que contribuyan a mantener una temperatura interior constante. Esto no solo mejora la eficiencia energ\u00e9tica, sino que tambi\u00e9n crea un entorno m\u00e1s c\u00f3modo y saludable.<\/li>\n<\/ul>\n<\/li>\n<li><strong>Iluminaci\u00f3n Natural y Artificial:<\/strong>\n<ul class=\"wp-block-list\">\n<li>La rehabilitaci\u00f3n puede maximizar la entrada de luz natural mediante la modificaci\u00f3n de la distribuci\u00f3n de ventanas y la incorporaci\u00f3n de tragaluces. Adem\u00e1s, la actualizaci\u00f3n de sistemas de iluminaci\u00f3n artificial puede mejorar la visibilidad y crear un ambiente m\u00e1s saludable.<\/li>\n<\/ul>\n<\/li>\n<li><strong>Espacios Verdes y Paisajismo:<\/strong>\n<ul class=\"wp-block-list\">\n<li>La rehabilitaci\u00f3n puede incluir la creaci\u00f3n de espacios verdes, patios internos o la instalaci\u00f3n de jardines en <a class=\"wpil_keyword_link\" href=\"https:\/\/rehabilitaciones-tamarit.es\/contacto\/\" title=\"azoteas\" data-wpil-keyword-link=\"linked\">azoteas<\/a>. Estos elementos no solo contribuyen a la est\u00e9tica, sino que tambi\u00e9n promueven la conexi\u00f3n con la naturaleza y la salud mental.<\/li>\n<\/ul>\n<\/li>\n<li><strong>Gesti\u00f3n de Residuos y Materiales Sostenibles:<\/strong>\n<ul class=\"wp-block-list\">\n<li>La selecci\u00f3n de materiales de construcci\u00f3n sostenibles y la implementaci\u00f3n de sistemas de gesti\u00f3n de residuos durante la rehabilitaci\u00f3n contribuyen a crear ambientes m\u00e1s saludables, al reducir la exposici\u00f3n a sustancias t\u00f3xicas y minimizar la generaci\u00f3n de desechos.<\/li>\n<\/ul>\n<\/li>\n<li><strong>Accesibilidad Universal:<\/strong>\n<ul class=\"wp-block-list\">\n<li>La rehabilitaci\u00f3n puede mejorar la accesibilidad incorporando rampas, ascensores y otras adaptaciones que permitan el acceso a personas con discapacidades. Esto no solo cumple con principios de equidad, sino que tambi\u00e9n mejora la funcionalidad del espacio para todos.<\/li>\n<\/ul>\n<\/li>\n<li><strong>Gesti\u00f3n del Agua:<\/strong>\n<ul class=\"wp-block-list\">\n<li>La instalaci\u00f3n de sistemas eficientes de plomer\u00eda y la implementaci\u00f3n de medidas de conservaci\u00f3n del agua durante la rehabilitaci\u00f3n contribuyen a la gesti\u00f3n sostenible de este recurso vital, beneficiando la salud ambiental y humana.<\/li>\n<\/ul>\n<\/li>\n<li><strong>Espacios Flexibles y Adaptativos:<\/strong>\n<ul class=\"wp-block-list\">\n<li>La rehabilitaci\u00f3n puede crear espacios flexibles que se adapten a diversas necesidades y usos. Esto permite una mayor versatilidad y optimizaci\u00f3n del espacio, contribuyendo a la comodidad y la funcionalidad.<\/li>\n<\/ul>\n<\/li>\n<li><strong>Control de Ruido:<\/strong>\n<ul class=\"wp-block-list\">\n<li>La rehabilitaci\u00f3n puede incluir mejoras en el aislamiento ac\u00fastico para reducir la exposici\u00f3n al ruido exterior y mejorar la calidad del sue\u00f1o y la concentraci\u00f3n en el interior del edificio.<\/li>\n<\/ul>\n<\/li>\n<li><strong>Seguridad Estructural:<\/strong>\n<ul class=\"wp-block-list\">\n<li>La rehabilitaci\u00f3n puede abordar problemas estructurales y de seguridad, creando un entorno habitable que brinde a los ocupantes mayor tranquilidad y bienestar.<\/li>\n<\/ul>\n<\/li>\n<li><strong>Dise\u00f1o Ergon\u00f3mico:<\/strong>\n<ul class=\"wp-block-list\">\n<li>La consideraci\u00f3n del dise\u00f1o ergon\u00f3mico durante la rehabilitaci\u00f3n puede mejorar la disposici\u00f3n de los espacios y la comodidad de los ocupantes, reduciendo posibles tensiones f\u00edsicas y mejorando la calidad de vida.<\/li>\n<\/ul>\n<\/li>\n<li><strong>Gesti\u00f3n de la Humedad:<\/strong>\n<ul class=\"wp-block-list\">\n<li>La rehabilitaci\u00f3n puede incluir medidas para controlar la humedad en el interior del edificio, reduciendo la posibilidad de moho y mejorando la calidad del aire interior.<\/li>\n<\/ul>\n<\/li>\n<li><strong>Conexi\u00f3n con la Comunidad:<\/strong>\n<ul class=\"wp-block-list\">\n<li>La rehabilitaci\u00f3n que incorpora espacios comunitarios y \u00e1reas de interacci\u00f3n puede fomentar la cohesi\u00f3n social y contribuir a la salud mental y emocional de los residentes.<\/li>\n<\/ul>\n<\/li>\n<li><strong>Cumplimiento de Normativas de Salud y Seguridad:<\/strong><\/li>\n<li><strong>Innovaciones Tecnol\u00f3gicas para la Salud:<\/strong>\n<ul class=\"wp-block-list\">\n<li>La incorporaci\u00f3n de tecnolog\u00edas inteligentes, como sistemas de monitoreo de la calidad del aire o dispositivos de bienestar, puede mejorar la salud y el bienestar de los ocupantes durante la rehabilitaci\u00f3n.<\/li>\n<\/ul>\n<\/li>\n<\/ol>\n<p>The <a href=\"https:\/\/rehabilitaciones-tamarit.es\/rehabilitaciones-tamarit-tu-empresa-de-confianza-para-la-rehabilitacion-de-edificios-y-viviendas\/\">building renovation<\/a> va m\u00e1s all\u00e1 de la est\u00e9tica, convirti\u00e9ndose en una herramienta clave para crear entornos habitables y saludables que satisfacen las necesidades de los ocupantes y contribuyen al bienestar general.<\/p>\n<p><!-- FeedbackWP Plugin --><\/p><\/div>\n<p><br \/>\n<br \/><a href=\"https:\/\/rehabilitaciones-tamarit.es\/la-rehabilitacion-de-edificios-contribuye-a-la-creacion-de-espacios-mas-saludables-y-habitables\/\">Source link <\/a><\/p>","protected":false},"excerpt":{"rendered":"<p>La rehabilitaci\u00f3n de edificios no solo busca mejorar la apariencia est\u00e9tica y la funcionalidad de las estructuras, sino que tambi\u00e9n puede tener un impacto significativo en la creaci\u00f3n de espacios m\u00e1s saludables y habitables. Aqu\u00ed se examinan varios aspectos en los que la rehabilitaci\u00f3n contribuye a este objetivo: Mejora de la Calidad del Aire Interior: [&hellip;]<\/p>\n","protected":false},"author":1,"featured_media":31517,"comment_status":"open","ping_status":"open","sticky":false,"template":"","format":"standard","meta":{"footnotes":""},"categories":[150],"tags":[],"class_list":["post-31516","post","type-post","status-publish","format-standard","has-post-thumbnail","hentry","category-uncategorized"],"_links":{"self":[{"href":"https:\/\/alquila-piso.es\/en\/wp-json\/wp\/v2\/posts\/31516","targetHints":{"allow":["GET"]}}],"collection":[{"href":"https:\/\/alquila-piso.es\/en\/wp-json\/wp\/v2\/posts"}],"about":[{"href":"https:\/\/alquila-piso.es\/en\/wp-json\/wp\/v2\/types\/post"}],"author":[{"embeddable":true,"href":"https:\/\/alquila-piso.es\/en\/wp-json\/wp\/v2\/users\/1"}],"replies":[{"embeddable":true,"href":"https:\/\/alquila-piso.es\/en\/wp-json\/wp\/v2\/comments?post=31516"}],"version-history":[{"count":0,"href":"https:\/\/alquila-piso.es\/en\/wp-json\/wp\/v2\/posts\/31516\/revisions"}],"wp:featuredmedia":[{"embeddable":true,"href":"https:\/\/alquila-piso.es\/en\/wp-json\/wp\/v2\/media\/31517"}],"wp:attachment":[{"href":"https:\/\/alquila-piso.es\/en\/wp-json\/wp\/v2\/media?parent=31516"}],"wp:term":[{"taxonomy":"category","embeddable":true,"href":"https:\/\/alquila-piso.es\/en\/wp-json\/wp\/v2\/categories?post=31516"},{"taxonomy":"post_tag","embeddable":true,"href":"https:\/\/alquila-piso.es\/en\/wp-json\/wp\/v2\/tags?post=31516"}],"curies":[{"name":"wp","href":"https:\/\/api.w.org\/{rel}","templated":true}]}}