{"id":31524,"date":"2024-12-04T22:05:22","date_gmt":"2024-12-04T22:05:22","guid":{"rendered":"https:\/\/alquila-piso.es\/aspectos-legales-y-normativos-asociados-con-la-rehabilitacion-de-edificios\/"},"modified":"2024-12-04T22:05:22","modified_gmt":"2024-12-04T22:05:22","slug":"aspectos-legales-y-normativos-asociados-con-la-rehabilitacion-de-edificios","status":"publish","type":"post","link":"https:\/\/alquila-piso.es\/de_de_formal\/aspectos-legales-y-normativos-asociados-con-la-rehabilitacion-de-edificios\/","title":{"rendered":"Rechtliche und regulatorische Aspekte im Zusammenhang mit der Renovierung von Geb\u00e4uden."},"content":{"rendered":"<p> <br \/>\n<\/p>\n<div data-ast-blocks-layout=\"true\">\n<p>Die <a href=\"https:\/\/rehabilitaciones-tamarit.es\/rehabilitacion-de-edificios-y-viviendas-en-valencia\/\">Geb\u00e4uderenovierung<\/a> unterliegt verschiedenen rechtlichen und regulatorischen Fragen, die je nach geografischem Standort und lokaler Gesetzgebung variieren. Im Folgenden finden Sie einige der \u00fcblichen rechtlichen und regulatorischen Fragen im Zusammenhang mit der Renovierung von Geb\u00e4uden:<\/p>\n<ol class=\"wp-block-list\">\n<li><strong>Baugenehmigungen:<\/strong>\n<ul class=\"wp-block-list\">\n<li>Bevor Sie ein Sanierungsprojekt in Angriff nehmen, m\u00fcssen Sie die entsprechenden Baugenehmigungen einholen. Diese Genehmigungen werden von den \u00f6rtlichen Beh\u00f6rden ausgestellt und stellen sicher, dass das Projekt den geltenden Bauvorschriften und -bestimmungen entspricht.<\/li>\n<\/ul>\n<\/li>\n<li><strong>Vorschriften zur Zoneneinteilung:<\/strong>\n<ul class=\"wp-block-list\">\n<li>Die Bebauungsvorschriften legen die zul\u00e4ssige Nutzung von Grundst\u00fccken in bestimmten Gebieten fest. Unter <a href=\"https:\/\/rehabilitaciones-tamarit.es\/servicios-de-rehabilitaciones-en-comunidades-y-edificios\/\">ein Geb\u00e4ude renovieren<\/a>Um sicherzustellen, dass die vorgeschlagene neue Nutzung mit den \u00f6rtlichen Bebauungsvorschriften \u00fcbereinstimmt, ist es von entscheidender Bedeutung sicherzustellen, dass die vorgeschlagene neue Nutzung mit den \u00f6rtlichen Bebauungsvorschriften \u00fcbereinstimmt.<\/li>\n<\/ul>\n<\/li>\n<li><strong>Erhaltung des kulturellen Erbes:<\/strong>\n<ul class=\"wp-block-list\">\n<li><a class=\"wpil_keyword_link\" href=\"https:\/\/rehabilitaciones-tamarit.es\/contacto\/\" title=\"Geb\u00e4ude\" data-wpil-keyword-link=\"linked\">Geb\u00e4ude<\/a> mit historischem oder architektonischem Wert k\u00f6nnen durch Denkmalschutzgesetze gesch\u00fctzt sein. Diese Gesetze schr\u00e4nken die \u00c4nderungen ein, die an historischen Geb\u00e4uden vorgenommen werden k\u00f6nnen, und erfordern die Genehmigung von Fachgremien, bevor Sanierungsarbeiten durchgef\u00fchrt werden k\u00f6nnen.<\/li>\n<\/ul>\n<\/li>\n<li><strong>Umweltvertr\u00e4glichkeitspr\u00fcfung:<\/strong>\n<ul class=\"wp-block-list\">\n<li>In einigen F\u00e4llen kann f\u00fcr Sanierungsprojekte eine Umweltvertr\u00e4glichkeitspr\u00fcfung erforderlich sein, um die potenziellen Umweltauswirkungen zu bewerten. Dies gilt insbesondere in \u00f6kologisch sensiblen Gebieten oder bei Gro\u00dfprojekten.<\/li>\n<\/ul>\n<\/li>\n<li><strong>Universelle Zug\u00e4nglichkeit:<\/strong>\n<ul class=\"wp-block-list\">\n<li>Viele Gerichtsbarkeiten haben Vorschriften zur Barrierefreiheit, die bei der Nachr\u00fcstung eingehalten werden m\u00fcssen. Dazu geh\u00f6rt, dass Geb\u00e4ude f\u00fcr Menschen mit Behinderungen zug\u00e4nglich sein m\u00fcssen, mit spezifischen Anforderungen an Rampen, Aufz\u00fcge und andere Einrichtungen.<\/li>\n<\/ul>\n<\/li>\n<li><strong>Energie-Effizienz:<\/strong>\n<ul class=\"wp-block-list\">\n<li>Einige Vorschriften verlangen Energieeffizienzstandards w\u00e4hrend der <a href=\"https:\/\/rehabilitaciones-tamarit.es\/rehabilitaciones-tamarit-tu-empresa-de-confianza-para-la-rehabilitacion-de-edificios-y-viviendas\/\">Geb\u00e4uderenovierung<\/a>. Dies kann die Einbeziehung nachhaltiger Technologien und Materialien zur Verbesserung der Energieeffizienz beinhalten.<\/li>\n<\/ul>\n<\/li>\n<li><strong>Lokale Bauvorschriften:<\/strong>\n<ul class=\"wp-block-list\">\n<li>Die \u00f6rtlichen Bauvorschriften legen Standards f\u00fcr die bauliche, elektrische, sanit\u00e4re und andere bautechnische Sicherheit fest. Sanierungsprojekte m\u00fcssen diese Vorschriften einhalten, um die Sicherheit des Geb\u00e4udes und seiner Bewohner zu gew\u00e4hrleisten.<\/li>\n<\/ul>\n<\/li>\n<li><strong>Sicherheitsstandards am Arbeitsplatz:<\/strong>\n<ul class=\"wp-block-list\">\n<li>Bei der Durchf\u00fchrung von Sanierungsarbeiten m\u00fcssen Arbeitsschutzstandards eingehalten werden, um die Arbeiter und die Allgemeinheit zu sch\u00fctzen. Dazu geh\u00f6ren die Verwendung von pers\u00f6nlicher Schutzausr\u00fcstung und die Durchf\u00fchrung von Ma\u00dfnahmen zur Sicherheit am Arbeitsplatz.<\/li>\n<\/ul>\n<\/li>\n<li><strong>Versicherungsanforderungen:<\/strong>\n<ul class=\"wp-block-list\">\n<li>Bestimmte Arten von Versicherungen k\u00f6nnen w\u00e4hrend des <a href=\"https:\/\/rehabilitaciones-tamarit.es\/perito-inmobiliario-para-rehabilitaciones-de-edificios\/\">Geb\u00e4uderenovierung<\/a>wie Bau- und Haftpflichtversicherungen. Diese Versicherungen helfen dabei, potenzielle Risiken und Verbindlichkeiten im Zusammenhang mit dem Projekt abzudecken.<\/li>\n<\/ul>\n<\/li>\n<li><strong>Feuerschutzbestimmungen:<\/strong>\n<ul class=\"wp-block-list\">\n<li>Die Brandschutzvorschriften legen die Anforderungen f\u00fcr die Installation von Brandschutzsystemen, Notausg\u00e4ngen und anderen Elementen fest, die zur Brandsicherheit in <a href=\"https:\/\/rehabilitaciones-tamarit.es\/rehabilitacion-de-edificios-en-valencia-un-viaje-transformador-entre-el-pasado-y-el-futuro\/\">renovierte Geb\u00e4ude<\/a>.<\/li>\n<\/ul>\n<\/li>\n<\/ol>\n<p>Es ist wichtig, dass Eigent\u00fcmer, Entwickler und Fachleute, die an Nachr\u00fcstungsprojekten beteiligt sind, alle geltenden lokalen Gesetze und Vorschriften kennen. Die Zusammenarbeit mit Fachleuten aus der Branche und spezialisierten Beratern kann die Einhaltung dieser gesetzlichen und beh\u00f6rdlichen Anforderungen erleichtern und den Erfolg und die Legalit\u00e4t des Nachr\u00fcstungsprojekts sicherstellen.<\/p>\n<p><!-- FeedbackWP Plugin --><\/p><\/div>\n<p><br \/>\n<br \/><a href=\"https:\/\/rehabilitaciones-tamarit.es\/aspectos-legales-y-normativos-asociados-con-la-rehabilitacion-de-edificios\/\">Quelle Link <\/a><\/p>","protected":false},"excerpt":{"rendered":"<p>La rehabilitaci\u00f3n de edificios est\u00e1 sujeta a diversos aspectos legales y normativos que var\u00edan seg\u00fan la ubicaci\u00f3n geogr\u00e1fica y la legislaci\u00f3n local. A continuaci\u00f3n, se detallan algunos de los aspectos legales y normativos comunes asociados con la rehabilitaci\u00f3n de edificios: Permisos de Construcci\u00f3n: Antes de emprender cualquier proyecto de rehabilitaci\u00f3n, es necesario obtener los permisos [&hellip;]<\/p>\n","protected":false},"author":1,"featured_media":31525,"comment_status":"open","ping_status":"open","sticky":false,"template":"","format":"standard","meta":{"footnotes":""},"categories":[150],"tags":[],"class_list":["post-31524","post","type-post","status-publish","format-standard","has-post-thumbnail","hentry","category-uncategorized"],"_links":{"self":[{"href":"https:\/\/alquila-piso.es\/de_de_formal\/wp-json\/wp\/v2\/posts\/31524","targetHints":{"allow":["GET"]}}],"collection":[{"href":"https:\/\/alquila-piso.es\/de_de_formal\/wp-json\/wp\/v2\/posts"}],"about":[{"href":"https:\/\/alquila-piso.es\/de_de_formal\/wp-json\/wp\/v2\/types\/post"}],"author":[{"embeddable":true,"href":"https:\/\/alquila-piso.es\/de_de_formal\/wp-json\/wp\/v2\/users\/1"}],"replies":[{"embeddable":true,"href":"https:\/\/alquila-piso.es\/de_de_formal\/wp-json\/wp\/v2\/comments?post=31524"}],"version-history":[{"count":0,"href":"https:\/\/alquila-piso.es\/de_de_formal\/wp-json\/wp\/v2\/posts\/31524\/revisions"}],"wp:featuredmedia":[{"embeddable":true,"href":"https:\/\/alquila-piso.es\/de_de_formal\/wp-json\/wp\/v2\/media\/31525"}],"wp:attachment":[{"href":"https:\/\/alquila-piso.es\/de_de_formal\/wp-json\/wp\/v2\/media?parent=31524"}],"wp:term":[{"taxonomy":"category","embeddable":true,"href":"https:\/\/alquila-piso.es\/de_de_formal\/wp-json\/wp\/v2\/categories?post=31524"},{"taxonomy":"post_tag","embeddable":true,"href":"https:\/\/alquila-piso.es\/de_de_formal\/wp-json\/wp\/v2\/tags?post=31524"}],"curies":[{"name":"wp","href":"https:\/\/api.w.org\/{rel}","templated":true}]}}