{"id":31522,"date":"2024-12-04T21:04:43","date_gmt":"2024-12-04T21:04:43","guid":{"rendered":"https:\/\/alquila-piso.es\/accesibilidad-universal-en-proyectos-de-rehabilitacion\/"},"modified":"2024-12-04T21:04:43","modified_gmt":"2024-12-04T21:04:43","slug":"accesibilidad-universal-en-proyectos-de-rehabilitacion","status":"publish","type":"post","link":"https:\/\/alquila-piso.es\/de_de_formal\/accesibilidad-universal-en-proyectos-de-rehabilitacion\/","title":{"rendered":"Universelle Zug\u00e4nglichkeit bei Rehabilitationsprojekten"},"content":{"rendered":"<p> <br \/>\n<\/p>\n<div data-ast-blocks-layout=\"true\">\n<p>Universelle Zug\u00e4nglichkeit bei \u00f6ffentlichen Verkehrsprojekten <a href=\"https:\/\/rehabilitaciones-tamarit.es\/rehabilitacion-de-edificios-y-viviendas-en-valencia\/\">Geb\u00e4uderenovierung<\/a> ist von entscheidender Bedeutung, da sie die Inklusion f\u00f6rdert und sicherstellt, dass R\u00e4ume f\u00fcr alle Menschen zug\u00e4nglich sind, unabh\u00e4ngig von ihren k\u00f6rperlichen oder kognitiven F\u00e4higkeiten. Die Bedeutung der universellen Zug\u00e4nglichkeit in diesem Zusammenhang wird hier er\u00f6rtert:<\/p>\n<ol class=\"wp-block-list\">\n<li><strong>Inklusion und Vielfalt:<\/strong>\n<ul class=\"wp-block-list\">\n<li>Universelle Zug\u00e4nglichkeit f\u00f6rdert Inklusion und Vielfalt, indem sie gew\u00e4hrleistet, dass Menschen mit Behinderungen in der Lage sind <a class=\"wpil_keyword_link\" href=\"https:\/\/rehabilitaciones-tamarit.es\/contacto\/\" title=\"Geb\u00e4ude\" data-wpil-keyword-link=\"linked\">Geb\u00e4ude<\/a> von allen Menschen genutzt werden k\u00f6nnen, unabh\u00e4ngig von ihrem Alter, ihren k\u00f6rperlichen F\u00e4higkeiten oder besonderen Bed\u00fcrfnissen. Dies schafft eine gerechtere und einladendere Umgebung f\u00fcr die gesamte Gemeinschaft.<\/li>\n<\/ul>\n<\/li>\n<li><strong>Einhaltung gesetzlicher Vorschriften:<\/strong>\n<ul class=\"wp-block-list\">\n<li>Viele Gerichtsbarkeiten verlangen bei Bau- und Renovierungsprojekten die Einhaltung von Zug\u00e4nglichkeitsvorschriften. Die Einhaltung dieser Vorschriften ist nicht nur gesetzlich vorgeschrieben, sondern sorgt auch daf\u00fcr, dass Geb\u00e4ude sicher und f\u00fcr alle Menschen nutzbar sind.<\/li>\n<\/ul>\n<\/li>\n<li><strong>Die Alterung der Bev\u00f6lkerung:<\/strong>\n<ul class=\"wp-block-list\">\n<li>Mit der Alterung der Bev\u00f6lkerung wird die Barrierefreiheit noch wichtiger. \u00c4ltere Menschen sind oft mit Mobilit\u00e4tsproblemen konfrontiert, und Rehabilitationsprojekte, die die Grunds\u00e4tze der Barrierefreiheit ber\u00fccksichtigen, k\u00f6nnen ihre aktive Teilnahme an der Gesellschaft und ihre Unabh\u00e4ngigkeit f\u00f6rdern.<\/li>\n<\/ul>\n<\/li>\n<li><strong>Verbessern Sie die Benutzerfreundlichkeit:<\/strong>\n<ul class=\"wp-block-list\">\n<li>Universelle Zug\u00e4nglichkeit verbessert das Benutzererlebnis f\u00fcr alle Menschen. Ein Design, das die Barrierefreiheit ber\u00fccksichtigt, macht R\u00e4ume einfacher zu navigieren und zu nutzen und verbessert den Komfort und die Effizienz f\u00fcr alle.<\/li>\n<\/ul>\n<\/li>\n<li><strong>Sozialer und ethischer Wert:<\/strong>\n<ul class=\"wp-block-list\">\n<li>Universelle Zug\u00e4nglichkeit spiegelt soziale und ethische Werte wider, indem sie die gleichen Rechte und Chancen f\u00fcr alle Menschen anerkennt. Rehabilitationsprojekte, bei denen Barrierefreiheit im Vordergrund steht, tragen zu einer gerechteren und integrativeren Gesellschaft bei.<\/li>\n<\/ul>\n<\/li>\n<li><strong>Erweiterung des Publikums und des Kundenkreises:<\/strong>\n<ul class=\"wp-block-list\">\n<li>Business und <a href=\"https:\/\/rehabilitaciones-tamarit.es\/servicios-de-rehabilitaciones-en-comunidades-y-edificios\/\">in Geb\u00e4uden untergebrachte Dienste<\/a> allgemein zug\u00e4nglich sind, k\u00f6nnen ein breiteres Publikum erreichen. Indem sichergestellt wird, dass alle potenziellen Kunden Zugang zu einem Geb\u00e4ude und seinen Dienstleistungen haben, wird der Kundenkreis maximiert und der Ruf der Einrichtung gest\u00e4rkt.<\/li>\n<\/ul>\n<\/li>\n<li><strong>Anpassungsf\u00e4higkeit an Ver\u00e4nderungen der Mobilit\u00e4t:<\/strong>\n<ul class=\"wp-block-list\">\n<li>Bei Barrierefreiheit geht es nicht nur um k\u00f6rperliche, sondern auch um kognitive Mobilit\u00e4t. Barrierefreie R\u00e4ume sind besser an die sich im Laufe der Zeit \u00e4ndernden Bed\u00fcrfnisse der Menschen anpassbar, z. B. bei vor\u00fcbergehenden Verletzungen oder altersbedingten Ver\u00e4nderungen der Mobilit\u00e4t.<\/li>\n<\/ul>\n<\/li>\n<li><strong>\u00dcbereinstimmung mit den Grunds\u00e4tzen des Universal Design:<\/strong>\n<ul class=\"wp-block-list\">\n<li>Die universelle Zug\u00e4nglichkeit orientiert sich an den Grunds\u00e4tzen des universellen Designs, die darauf abzielen, Umgebungen zu schaffen, die von m\u00f6glichst vielen Menschen genutzt werden k\u00f6nnen, ohne dass spezielle Anpassungen erforderlich sind. Diese Grunds\u00e4tze zielen darauf ab, die unterschiedlichen Bed\u00fcrfnisse der Nutzer von Anfang an zu ber\u00fccksichtigen.<\/li>\n<\/ul>\n<\/li>\n<li><strong>Soziale Nachhaltigkeit:<\/strong>\n<ul class=\"wp-block-list\">\n<li>Soziale Nachhaltigkeit ist ein wichtiger Aspekt der universellen Zug\u00e4nglichkeit. Durch die Sicherstellung der Zug\u00e4nglichkeit von Geb\u00e4uden wird die soziale Nachhaltigkeit gef\u00f6rdert, indem allen Menschen, unabh\u00e4ngig von ihren F\u00e4higkeiten, gleiche Chancen und Zugang zu Ressourcen geboten werden.<\/li>\n<\/ul>\n<\/li>\n<li><strong>Verbesserung des Markenimages:<\/strong>\n<ul class=\"wp-block-list\">\n<li>Organisationen und Unternehmen, die der Barrierefreiheit Priorit\u00e4t einr\u00e4umen, k\u00f6nnen ihr Markenimage und ihren Ruf verbessern. Ein Engagement f\u00fcr Inklusion und Barrierefreiheit kann eine positive Wahrnehmung bei Kunden, Mitarbeitern und der breiteren \u00d6ffentlichkeit hervorrufen.<\/li>\n<\/ul>\n<\/li>\n<\/ol>\n<p><!-- FeedbackWP Plugin --><\/p><\/div>\n<p><br \/>\n<br \/><a href=\"https:\/\/rehabilitaciones-tamarit.es\/accesibilidad-universal-en-proyectos-de-rehabilitacion\/\">Quelle Link <\/a><\/p>","protected":false},"excerpt":{"rendered":"<p>La accesibilidad universal en proyectos de rehabilitaci\u00f3n de edificios es de vital importancia, ya que promueve la inclusi\u00f3n y garantiza que los espacios sean accesibles para todas las personas, independientemente de sus habilidades f\u00edsicas o cognitivas. Aqu\u00ed se analiza la importancia de la accesibilidad universal en este contexto: Inclusi\u00f3n y Diversidad: La accesibilidad universal fomenta [&hellip;]<\/p>\n","protected":false},"author":1,"featured_media":31523,"comment_status":"open","ping_status":"open","sticky":false,"template":"","format":"standard","meta":{"footnotes":""},"categories":[150],"tags":[],"class_list":["post-31522","post","type-post","status-publish","format-standard","has-post-thumbnail","hentry","category-uncategorized"],"_links":{"self":[{"href":"https:\/\/alquila-piso.es\/de_de_formal\/wp-json\/wp\/v2\/posts\/31522","targetHints":{"allow":["GET"]}}],"collection":[{"href":"https:\/\/alquila-piso.es\/de_de_formal\/wp-json\/wp\/v2\/posts"}],"about":[{"href":"https:\/\/alquila-piso.es\/de_de_formal\/wp-json\/wp\/v2\/types\/post"}],"author":[{"embeddable":true,"href":"https:\/\/alquila-piso.es\/de_de_formal\/wp-json\/wp\/v2\/users\/1"}],"replies":[{"embeddable":true,"href":"https:\/\/alquila-piso.es\/de_de_formal\/wp-json\/wp\/v2\/comments?post=31522"}],"version-history":[{"count":0,"href":"https:\/\/alquila-piso.es\/de_de_formal\/wp-json\/wp\/v2\/posts\/31522\/revisions"}],"wp:featuredmedia":[{"embeddable":true,"href":"https:\/\/alquila-piso.es\/de_de_formal\/wp-json\/wp\/v2\/media\/31523"}],"wp:attachment":[{"href":"https:\/\/alquila-piso.es\/de_de_formal\/wp-json\/wp\/v2\/media?parent=31522"}],"wp:term":[{"taxonomy":"category","embeddable":true,"href":"https:\/\/alquila-piso.es\/de_de_formal\/wp-json\/wp\/v2\/categories?post=31522"},{"taxonomy":"post_tag","embeddable":true,"href":"https:\/\/alquila-piso.es\/de_de_formal\/wp-json\/wp\/v2\/tags?post=31522"}],"curies":[{"name":"wp","href":"https:\/\/api.w.org\/{rel}","templated":true}]}}