{"id":21175,"date":"2023-11-19T12:47:42","date_gmt":"2023-11-19T12:47:42","guid":{"rendered":"https:\/\/alquila-piso.es\/?p=21175"},"modified":"2024-01-09T18:53:01","modified_gmt":"2024-01-09T18:53:01","slug":"explora-nuestros-alquileres-de-pisos-y-encuentra-el-equilibrio-perfecto-entre-trabajo-y-descanso","status":"publish","type":"post","link":"https:\/\/alquila-piso.es\/de_de_formal\/explora-nuestros-alquileres-de-pisos-y-encuentra-el-equilibrio-perfecto-entre-trabajo-y-descanso\/","title":{"rendered":"Entdecken Sie unsere Mietwohnungen und finden Sie die perfekte Balance zwischen Arbeit und Entspannung."},"content":{"rendered":"<h1>Entdecken Sie unsere Mietwohnungen und finden Sie die perfekte Balance zwischen Arbeit und Entspannung.<\/h1>\n<p>Wenn Sie auf der Suche nach einer Wohnung sind, die es Ihnen erm\u00f6glicht, ein perfektes Gleichgewicht zwischen Arbeit und Erholung zu finden, dann sind Sie bei uns genau an der richtigen Adresse. Auf unserer Plattform bieten wir eine gro\u00dfe Auswahl an Mietwohnungen, die Ihren Bed\u00fcrfnissen entsprechen.<\/p>\n<p>Einen Raum zu finden, in dem Sie sich wohlf\u00fchlen, ist wichtig f\u00fcr Ihre berufliche und pers\u00f6nliche Entwicklung. Unser <a href=\"https:\/\/alquila-piso.es\/de_de_formal\/alquila-piso-es-la-mejor-opcion-para-alquilar-tu-piso\/\">Wohnungsmieten<\/a> befinden sich in strategischen Bereichen der Stadt, in der N\u00e4he von Arbeitspl\u00e4tzen und mit Zugang zu Dienstleistungen und Annehmlichkeiten.<\/p>\n<p>Au\u00dferdem sind unsere Wohnungen so konzipiert, dass Sie sich darin wohlf\u00fchlen. Sie verf\u00fcgen \u00fcber ger\u00e4umige und helle R\u00e4ume, moderne und funktionale M\u00f6bel und sind mit allen Annehmlichkeiten ausgestattet, die Sie f\u00fcr ein komfortables und entspanntes Leben ben\u00f6tigen.<\/p>\n<p>Wenn Sie einen ruhigen Ort brauchen, an dem Sie sich auf Ihre Arbeit konzentrieren k\u00f6nnen, ist unser <a href=\"https:\/\/alquila-piso.es\/de_de_formal\/encuentra-alquileres-de-pisos-con-impresionantes-vistas-disfruta-de-panoramas-unicos-desde-la-comodidad-de-tu-hogar\/\">Wohnungsmieten<\/a> \u00fcber Arbeitszimmer oder Home-Office-Bereiche verf\u00fcgen, in denen Sie effizient und ohne Ablenkung arbeiten k\u00f6nnen.<\/p>\n<p>Und wenn Sie mal abschalten und sich ausruhen m\u00f6chten, bieten unsere Wohnungen auch Freizeit- und Entspannungsbereiche wie Terrassen, G\u00e4rten oder Swimmingpools, wo Sie Momente der Ruhe und Erholung genie\u00dfen k\u00f6nnen.<\/p>\n<p>Kurz gesagt, unser <a href=\"https:\/\/alquila-piso.es\/de_de_formal\/alquila-sin-preocupaciones-nuestros-alquileres-de-pisos-son-gestionados-por-expertos-en-bienes-raices\/\">Wohnungsmieten<\/a> geben Ihnen die M\u00f6glichkeit, die perfekte Balance zwischen Arbeit und Erholung zu finden. Verschwenden Sie keine Zeit mehr mit der Suche, erkunden Sie unsere Plattform und finden Sie den idealen Ort f\u00fcr sich.<\/p>","protected":false},"excerpt":{"rendered":"<p>Explora nuestros alquileres de pisos y encuentra el equilibrio perfecto entre trabajo y descanso Si est\u00e1s buscando un lugar donde vivir que te permita encontrar el equilibrio perfecto entre trabajo y descanso, has llegado al lugar indicado. En nuestra plataforma, ofrecemos una amplia variedad de alquileres de pisos que se adaptan a tus necesidades. Encontrar [&hellip;]<\/p>\n","protected":false},"author":1,"featured_media":20986,"comment_status":"open","ping_status":"open","sticky":false,"template":"","format":"standard","meta":{"footnotes":""},"categories":[22],"tags":[],"class_list":["post-21175","post","type-post","status-publish","format-standard","has-post-thumbnail","hentry","category-alquilar-piso"],"_links":{"self":[{"href":"https:\/\/alquila-piso.es\/de_de_formal\/wp-json\/wp\/v2\/posts\/21175","targetHints":{"allow":["GET"]}}],"collection":[{"href":"https:\/\/alquila-piso.es\/de_de_formal\/wp-json\/wp\/v2\/posts"}],"about":[{"href":"https:\/\/alquila-piso.es\/de_de_formal\/wp-json\/wp\/v2\/types\/post"}],"author":[{"embeddable":true,"href":"https:\/\/alquila-piso.es\/de_de_formal\/wp-json\/wp\/v2\/users\/1"}],"replies":[{"embeddable":true,"href":"https:\/\/alquila-piso.es\/de_de_formal\/wp-json\/wp\/v2\/comments?post=21175"}],"version-history":[{"count":4,"href":"https:\/\/alquila-piso.es\/de_de_formal\/wp-json\/wp\/v2\/posts\/21175\/revisions"}],"predecessor-version":[{"id":23267,"href":"https:\/\/alquila-piso.es\/de_de_formal\/wp-json\/wp\/v2\/posts\/21175\/revisions\/23267"}],"wp:featuredmedia":[{"embeddable":true,"href":"https:\/\/alquila-piso.es\/de_de_formal\/wp-json\/wp\/v2\/media\/20986"}],"wp:attachment":[{"href":"https:\/\/alquila-piso.es\/de_de_formal\/wp-json\/wp\/v2\/media?parent=21175"}],"wp:term":[{"taxonomy":"category","embeddable":true,"href":"https:\/\/alquila-piso.es\/de_de_formal\/wp-json\/wp\/v2\/categories?post=21175"},{"taxonomy":"post_tag","embeddable":true,"href":"https:\/\/alquila-piso.es\/de_de_formal\/wp-json\/wp\/v2\/tags?post=21175"}],"curies":[{"name":"wp","href":"https:\/\/api.w.org\/{rel}","templated":true}]}}