{"id":21171,"date":"2023-11-19T12:45:11","date_gmt":"2023-11-19T12:45:11","guid":{"rendered":"https:\/\/alquila-piso.es\/?p=21171"},"modified":"2024-01-09T18:12:43","modified_gmt":"2024-01-09T18:12:43","slug":"alquila-sin-preocupaciones-nuestros-alquileres-de-pisos-son-gestionados-por-expertos-en-bienes-raices","status":"publish","type":"post","link":"https:\/\/alquila-piso.es\/de_de_formal\/alquila-sin-preocupaciones-nuestros-alquileres-de-pisos-son-gestionados-por-expertos-en-bienes-raices\/","title":{"rendered":"Mieten Sie unbesorgt: Unsere Mietwohnungen werden von Immobilienexperten verwaltet."},"content":{"rendered":"<h1>Mieten Sie unbesorgt: Unsere Mietwohnungen werden von Immobilienexperten verwaltet.<\/h1>\n<p>Eine Wohnung zu mieten kann eine stressige und komplizierte Aufgabe sein, aber mit unserem Wohnungsvermietungsservice k\u00f6nnen Sie alle Ihre Sorgen beiseite legen. Wir sind stolz darauf, \u00fcber ein Team von Immobilienexperten zu verf\u00fcgen, das sich um jeden Aspekt Ihrer Vermietung k\u00fcmmert, von der Suche nach der perfekten Wohnung bis zur Vertragsunterzeichnung und dar\u00fcber hinaus.<\/p>\n<p>Unsere Immobilienexperten verf\u00fcgen \u00fcber jahrelange Erfahrung auf dem Mietmarkt und kennen alle Schl\u00fcssel, um sicherzustellen, dass Sie die richtige Wohnung f\u00fcr sich finden. Wir arbeiten eng mit Ihnen zusammen, um Ihre Bed\u00fcrfnisse und Vorlieben zu verstehen und Ihnen eine Auswahl an Wohnungen zu pr\u00e4sentieren, die Ihren Kriterien entsprechen.<\/p>\n<p>Sobald Sie sich f\u00fcr die Wohnung entschieden haben, die Ihnen gef\u00e4llt, k\u00fcmmern sich unsere Experten um den gesamten notwendigen Papierkram. Wir stellen sicher, dass alle Dokumente in Ordnung sind und begleiten Sie durch den Prozess der Vertragsunterzeichnung. Au\u00dferdem stehen wir Ihnen zur Verf\u00fcgung, um alle Ihre Fragen zu beantworten und alle Probleme zu l\u00f6sen, die w\u00e4hrend Ihres Aufenthalts in der Wohnung auftreten k\u00f6nnen.<\/p>\n<p>Kurz und b\u00fcndig, <a href=\"https:\/\/alquila-piso.es\/de_de_formal\/alquila-piso-es-la-mejor-opcion-para-alquilar-tu-piso\/\">eine Wohnung mieten<\/a> mit uns bedeutet sorgenfreies Mieten. Unsere Immobilienexperten k\u00fcmmern sich um alles, von der Suche nach der richtigen Immobilie f\u00fcr Sie. <a href=\"https:\/\/alquila-piso.es\/de_de_formal\/alquileres-de-pisos-para-todos-los-estilos-de-vida-desde-lo-moderno-hasta-lo-clasico-tenemos-el-perfecto-para-ti\/\">perfekte Wohnung<\/a> bis zur Unterzeichnung des Vertrages und dar\u00fcber hinaus. Sie k\u00f6nnen sich darauf verlassen, dass wir Ihnen einen Service bieten, der <a class=\"wpil_keyword_link\" href=\"https:\/\/alquila-piso.es\/de_de_formal\/property-submit-front\/\"   title=\"Vermietung\" data-wpil-keyword-link=\"linked\">Vermietung<\/a> von hochwertigen und unkomplizierten Bodenbel\u00e4gen.<\/p>","protected":false},"excerpt":{"rendered":"<p>Alquila sin preocupaciones: Nuestros alquileres de pisos son gestionados por expertos en bienes ra\u00edces Alquilar un piso puede ser una tarea estresante y complicada, pero con nuestros servicios de alquiler de pisos, puedes dejar todas tus preocupaciones de lado. Nos enorgullece contar con un equipo de expertos en bienes ra\u00edces que se encargar\u00e1 de gestionar [&hellip;]<\/p>\n","protected":false},"author":1,"featured_media":21052,"comment_status":"open","ping_status":"open","sticky":false,"template":"","format":"standard","meta":{"footnotes":""},"categories":[22],"tags":[],"class_list":["post-21171","post","type-post","status-publish","format-standard","has-post-thumbnail","hentry","category-alquilar-piso"],"_links":{"self":[{"href":"https:\/\/alquila-piso.es\/de_de_formal\/wp-json\/wp\/v2\/posts\/21171","targetHints":{"allow":["GET"]}}],"collection":[{"href":"https:\/\/alquila-piso.es\/de_de_formal\/wp-json\/wp\/v2\/posts"}],"about":[{"href":"https:\/\/alquila-piso.es\/de_de_formal\/wp-json\/wp\/v2\/types\/post"}],"author":[{"embeddable":true,"href":"https:\/\/alquila-piso.es\/de_de_formal\/wp-json\/wp\/v2\/users\/1"}],"replies":[{"embeddable":true,"href":"https:\/\/alquila-piso.es\/de_de_formal\/wp-json\/wp\/v2\/comments?post=21171"}],"version-history":[{"count":4,"href":"https:\/\/alquila-piso.es\/de_de_formal\/wp-json\/wp\/v2\/posts\/21171\/revisions"}],"predecessor-version":[{"id":23318,"href":"https:\/\/alquila-piso.es\/de_de_formal\/wp-json\/wp\/v2\/posts\/21171\/revisions\/23318"}],"wp:featuredmedia":[{"embeddable":true,"href":"https:\/\/alquila-piso.es\/de_de_formal\/wp-json\/wp\/v2\/media\/21052"}],"wp:attachment":[{"href":"https:\/\/alquila-piso.es\/de_de_formal\/wp-json\/wp\/v2\/media?parent=21171"}],"wp:term":[{"taxonomy":"category","embeddable":true,"href":"https:\/\/alquila-piso.es\/de_de_formal\/wp-json\/wp\/v2\/categories?post=21171"},{"taxonomy":"post_tag","embeddable":true,"href":"https:\/\/alquila-piso.es\/de_de_formal\/wp-json\/wp\/v2\/tags?post=21171"}],"curies":[{"name":"wp","href":"https:\/\/api.w.org\/{rel}","templated":true}]}}